{"id":840,"date":"2021-01-27T15:52:45","date_gmt":"2021-01-27T15:52:45","guid":{"rendered":"https:\/\/kz-gedenkstaette-hailfingen-tailfingen.de\/?p=840"},"modified":"2022-06-21T18:07:25","modified_gmt":"2022-06-21T18:07:25","slug":"19-3-axel-reitz","status":"publish","type":"post","link":"https:\/\/kz-gedenkstaette-hailfingen-tailfingen.de\/index.php\/2021\/01\/27\/19-3-axel-reitz\/","title":{"rendered":"19.3. Axel Reitz \u2013 Online-Vortrag"},"content":{"rendered":"\n<p><strong>Klare Kante gegen dumpfe Parolen. <br><\/strong>Ein Nazi-Aussteiger berichtet aus seinem Leben.<\/p>\n\n\n\n<figure class=\"wp-block-image size-large\"><img loading=\"lazy\" width=\"600\" height=\"600\" src=\"https:\/\/kz-gedenkstaette-hailfingen-tailfingen.de\/wp-content\/uploads\/2021\/03\/rassismustag-axel-reitz4-m.jpg\" alt=\"\" class=\"wp-image-1044\" srcset=\"https:\/\/kz-gedenkstaette-hailfingen-tailfingen.de\/wp-content\/uploads\/2021\/03\/rassismustag-axel-reitz4-m.jpg 600w, https:\/\/kz-gedenkstaette-hailfingen-tailfingen.de\/wp-content\/uploads\/2021\/03\/rassismustag-axel-reitz4-m-300x300.jpg 300w, https:\/\/kz-gedenkstaette-hailfingen-tailfingen.de\/wp-content\/uploads\/2021\/03\/rassismustag-axel-reitz4-m-150x150.jpg 150w\" sizes=\"(max-width: 600px) 100vw, 600px\" \/><figcaption>Veranstaltungsflyer<\/figcaption><\/figure>\n\n\n\n<p>Axel Reitz, 1983 geboren in Dormagen, begann seinen Werdegang im Extremismus im Alter von 13&nbsp;Jahren im Umfeld der NPD und deren Jugendorganisation JN. Seit seinem Einstieg in die rechtsextreme Szene entwickelte sich Reitz zum Stichwortgeber,&nbsp;sp\u00e4ter zum Kader und gefragten Propagandisten&nbsp;verschiedener Kameradschaften und anderer Neonazi-Netzwerke. Unter dem von den Medien verliehenen Beinamen \u201eHitler von K\u00f6ln\u201c hatte Reitz ma\u00dfgeblichen Einfluss auf die Entwicklung der Szene in&nbsp;Westdeutschland&nbsp;und dar\u00fcber hinaus, unter anderem durch die Etablierung des Organisationskonzeptes&nbsp;der sogenannten&nbsp;\u201eAutonomen Nationalisten\u201c in NRW.<br><br>Durch das Anmelden, Organisieren und Durchf\u00fchren von rechtsextremen&nbsp;Demonstrationen war Reitz auch den Beh\u00f6rden hinreichend bekannt: Er galt als ausgewiesen provokativer Redner und verb\u00fc\u00dfte nach Jahren juristischer Konflikte im Jahre 2006 letztlich&nbsp;eine ann\u00e4hernd zweij\u00e4hrige Haftstrafe wegen Volksverhetzung. Seit 2012 war Reitz Angeklagter im AB-Mittelrhein-Prozess in Koblenz, einem der aufwendigsten Neonazi-Prozesse der Nachkriegsgeschichte. Der Prozess endete f\u00fcr Reitz im Jahre 2019 durch Einstellung aller Anklagepunkte.<br><br>Reitz erkl\u00e4rte bereits zu Beginn des Prozesses&nbsp;\u00f6ffentlich seinen Ausstieg aus der rechtsextremen&nbsp;Szene&nbsp;und kooperierte mit den Ermittlungsbeh\u00f6rden, was ihm bei seinen alten Kameraden den neuen Spitznamen &#8222;Judas von K\u00f6ln&#8220; einbrachte. In Zusammenarbeit mit einem staatlichen Aussteigerprogramm und der evangelischen Kirche im Rheinland gelang Reitz im Laufe der folgenden&nbsp;Jahre eine pers\u00f6nliche, politische und soziale Rehabilitation durch intensive und kritische&nbsp;Aufarbeitung seiner Vergangenheit. <a href=\"https:\/\/www.extremislos.de\/15-Referenten.html\">Mehr &#8230;<\/a><br><br><strong>Anmeldung f\u00fcr den Abendvortrag doch nicht erforderlich!<\/strong><\/p>\n\n\n\n<p>Fr, 19. M\u00e4rz 2021<br>19 Uhr<br>Online-Vortrag \u00fcber Youtube<br>Kosten: 5 \u20ac (freiwillig)<\/p>\n\n\n\n<p>Link zum Abendvortrag:&nbsp;<br><a href=\"https:\/\/youtu.be\/Ef0BLpsy6WQ\">https:\/\/youtu.be\/Ef0BLpsy6WQ<\/a><br>(Urspr\u00fcnglicher Stream: https:\/\/www.youtube.com\/watch?v=IwmYS8N-m2U)<strong><br><\/strong>Auf diesem Padlet d\u00fcrft ihr Kommentare und Fragen loswerden:&nbsp;<a rel=\"noreferrer noopener\" href=\"https:\/\/padlet.com\/simonwoehrbach\/q8qbwgkjtji9pq8p\" target=\"_blank\"><\/a><a rel=\"noreferrer noopener\" href=\"https:\/\/padlet.com\/simonwoehrbach\/q8qbwgkjtji9pq8p\" target=\"_blank\"><strong>Padlet<\/strong><\/a><\/p>\n\n\n\n<p><strong> Teilnehmerbeitrag \/ Spende<\/strong><\/p>\n\n\n\n<p>Der&nbsp;<strong>Teilnehmerbeitrag von 5 Euro<\/strong>&nbsp;ist freiwillig. Wir haben uns entschieden, die Teilnehmerbeitr\u00e4ge als&nbsp;<strong>an&nbsp;&nbsp; drei Organisationen zu spenden<\/strong>, die sich gegen Ausgrenzung und Extremismus einsetzen.<br><strong>Du darfst w\u00e4hlen<\/strong>, an welche Organisation deine Spende geht. Bitte gib im Verwendungszweck \u201eDer Reitz-Effekt\u201c an.<br>Ihr findet die Infos dazu hier:<\/p>\n\n\n\n<p>Amadeu Stiftung gegen Rechtsextremismus, Ausgrenzung und Rassismus<br>o&nbsp;&nbsp;&nbsp;Weitere Infos:&nbsp;<a rel=\"noreferrer noopener\" href=\"https:\/\/www.amadeu-antonio-stiftung.de\/\" target=\"_blank\">https:\/\/www.amadeu-antonio-stiftung.de\/<\/a><br>o&nbsp;&nbsp;&nbsp;Spendenm\u00f6glichkeit \u00fcber:&nbsp;<a rel=\"noreferrer noopener\" href=\"https:\/\/www.amadeu-antonio-stiftung.de\/spenden-und-stiften\/\" target=\"_blank\">https:\/\/www.amadeu-antonio-stiftung.de\/spenden-und-stiften\/<\/a><br>oder klassisch per Bankverbindung<br>Amadeu-Antonio-Stiftung<br>GLS Bank Bochum<br>IBAN: DE32 4306 0967 6005 0000 00<br>o&nbsp;&nbsp;&nbsp;Verwendungszweck: Der Reitz-Effekt<\/p>\n\n\n\n<p>Fl\u00fcchtlingsarbeitskreis G\u00e4ufelden<br>o&nbsp;&nbsp;&nbsp;Weitere Infos:&nbsp;<a rel=\"noreferrer noopener\" href=\"https:\/\/www.gaeufelden.de\/index.php?id=477\" target=\"_blank\">https:\/\/www.gaeufelden.de\/index.php?id=477<\/a><br>o&nbsp;&nbsp;&nbsp;Spendenm\u00f6glichkeit:<br>Kath. Kirchengemeinde<br>Kreissparkasse B\u00f6blingen<br>IBAN: DE36 6035 0130 0000 9479 67 <br>Zweck AK Fl\u00fcchtlinge<br>o&nbsp;&nbsp;&nbsp;Verwendungszweck: Der Reitz-Effekt<\/p>\n\n\n\n<p>Verein der KZ-Gedenkst\u00e4tte Hailfingen-Tailfingen<br>o&nbsp;&nbsp;&nbsp;&nbsp;Weitere Infos:&nbsp;<a rel=\"noreferrer noopener\" href=\"https:\/\/kz-gedenkstaette-hailfingen-tailfingen.de\/\" target=\"_blank\">https:\/\/kz-gedenkstaette-hailfingen-tailfingen.de\/<\/a><br>o&nbsp;&nbsp;&nbsp;&nbsp;Spendenm\u00f6glichkeit:<br>KZ-Gedenkst\u00e4tte H\/T e. V.<br>Kreissparkasse B\u00f6blingen<br>IBAN: DE15603501300000074957<br>o&nbsp;&nbsp;&nbsp;&nbsp;Verwendungszweck: Der Reitz-Effekt<\/p>\n\n\n\n<p>Ein gemeinsames Projekt der BDKJ Rottenburg, EJW Calw, EJW Herrenberg, EJW Nagold, ejt T\u00fcbingen, KZ-Gedenkst\u00e4tte Hailfingen\/Tailfingen<\/p>\n\n\n\n<p>Du willst mehr? Am anschlie\u00dfenden Samstag, 20.3. gibt&#8217;s einen Juleica-Refresher und Seminartag mit Axel Reitz. Er nimmt uns ausf\u00fchrlicher mit ins Thema und du lernst in Workshops, was du selbst tun kannst, um gegen Extremismus einzustehen.<br><a href=\"https:\/\/www.ejw-bildung.de\/veranstaltung\/veranstaltung-details\/27544\/seminartag-hass-macht-gewalt-ejw-bezirk-herrenberg\/\">Hier<\/a>&nbsp;gehts zu den Infos.<\/p>\n\n\n\n<div class=\"wp-block-file\"><a href=\"https:\/\/kz-gedenkstaette-hailfingen-tailfingen.de\/wp-content\/uploads\/2021\/03\/rassismustag-axel-reitz-1.pdf\">Flyer f\u00fcr beide Veranstaltungen als PDF<\/a><a href=\"https:\/\/kz-gedenkstaette-hailfingen-tailfingen.de\/wp-content\/uploads\/2021\/03\/rassismustag-axel-reitz-1.pdf\" class=\"wp-block-file__button\" download>Herunterladen<\/a><\/div>\n\n\n\n<p>Die Veranstaltung war urspr\u00fcnglich als Pr\u00e4senzveranstaltung mit Philip Schlaffer als Referent geplant. Wir bitten die relativ kurzfristige Umplanung zu entschuldigen.<\/p>\n\n\n\n<p><strong><a href=\"https:\/\/www.ejw-bildung.de\/veranstaltung\/veranstaltung-details\/27679\/?eduid=27679&amp;preview=1\">Infos auf www.ejw-bildung.de<\/a><\/strong><\/p>\n\n\n\n<p><br><\/p>\n","protected":false},"excerpt":{"rendered":"<p>Klare Kante gegen dumpfe Parolen. Ein Nazi-Aussteiger berichtet aus seinem Leben. Axel Reitz, 1983 geboren in Dormagen, begann seinen Werdegang im Extremismus im Alter von 13&nbsp;Jahren im Umfeld der NPD und deren Jugendorganisation JN. Seit seinem Einstieg in die rechtsextreme Szene entwickelte sich Reitz zum Stichwortgeber,&nbsp;sp\u00e4ter zum Kader und gefragten Propagandisten&nbsp;verschiedener Kameradschaften und anderer Neonazi-Netzwerke. [&hellip;]<\/p>\n","protected":false},"author":1,"featured_media":1044,"comment_status":"open","ping_status":"open","sticky":false,"template":"","format":"standard","meta":[],"categories":[14,6,5],"tags":[],"_links":{"self":[{"href":"https:\/\/kz-gedenkstaette-hailfingen-tailfingen.de\/index.php\/wp-json\/wp\/v2\/posts\/840"}],"collection":[{"href":"https:\/\/kz-gedenkstaette-hailfingen-tailfingen.de\/index.php\/wp-json\/wp\/v2\/posts"}],"about":[{"href":"https:\/\/kz-gedenkstaette-hailfingen-tailfingen.de\/index.php\/wp-json\/wp\/v2\/types\/post"}],"author":[{"embeddable":true,"href":"https:\/\/kz-gedenkstaette-hailfingen-tailfingen.de\/index.php\/wp-json\/wp\/v2\/users\/1"}],"replies":[{"embeddable":true,"href":"https:\/\/kz-gedenkstaette-hailfingen-tailfingen.de\/index.php\/wp-json\/wp\/v2\/comments?post=840"}],"version-history":[{"count":21,"href":"https:\/\/kz-gedenkstaette-hailfingen-tailfingen.de\/index.php\/wp-json\/wp\/v2\/posts\/840\/revisions"}],"predecessor-version":[{"id":1691,"href":"https:\/\/kz-gedenkstaette-hailfingen-tailfingen.de\/index.php\/wp-json\/wp\/v2\/posts\/840\/revisions\/1691"}],"wp:featuredmedia":[{"embeddable":true,"href":"https:\/\/kz-gedenkstaette-hailfingen-tailfingen.de\/index.php\/wp-json\/wp\/v2\/media\/1044"}],"wp:attachment":[{"href":"https:\/\/kz-gedenkstaette-hailfingen-tailfingen.de\/index.php\/wp-json\/wp\/v2\/media?parent=840"}],"wp:term":[{"taxonomy":"category","embeddable":true,"href":"https:\/\/kz-gedenkstaette-hailfingen-tailfingen.de\/index.php\/wp-json\/wp\/v2\/categories?post=840"},{"taxonomy":"post_tag","embeddable":true,"href":"https:\/\/kz-gedenkstaette-hailfingen-tailfingen.de\/index.php\/wp-json\/wp\/v2\/tags?post=840"}],"curies":[{"name":"wp","href":"https:\/\/api.w.org\/{rel}","templated":true}]}}