{"id":3183,"date":"2026-04-10T21:52:06","date_gmt":"2026-04-10T21:52:06","guid":{"rendered":"https:\/\/kz-gedenkstaette-hailfingen-tailfingen.de\/?p=3183"},"modified":"2026-04-19T08:41:51","modified_gmt":"2026-04-19T08:41:51","slug":"19-4-vernissage-das-kz-vor-der-haustuer-mit-dr-christian-bollacher","status":"publish","type":"post","link":"https:\/\/kz-gedenkstaette-hailfingen-tailfingen.de\/index.php\/2026\/04\/10\/19-4-vernissage-das-kz-vor-der-haustuer-mit-dr-christian-bollacher\/","title":{"rendered":"19.4.\u201314.6. Ausstellung \u201eDas KZ vor der Haust\u00fcr\u201c, 19.4. Vernissage mit Dr. Christian Bollacher"},"content":{"rendered":"\n<p>Vom 19. April bis 14. Juni 2026&nbsp;ist im Dokumentationszentrum die Wanderausstellung \u201eDas KZ vor der Haust\u00fcr\u201c zu sehen. Die vom Landesamt f\u00fcr Denkmalpflege (LAD)&nbsp;entwickelte Ausstellung gibt Einblicke in den nationalsozialistischen Terror in Baden-W\u00fcrttemberg und beleuchtet die Spuren ehemaliger Konzentrationslager in der Region.<\/p>\n\n\n\n<p>Im Mittelpunkt stehen die Au\u00dfenlager des KZ-Komplexes Natzweiler, deren Insassen zur Zwangsarbeit eingesetzt wurden. Die Ausstellung zeigt, welche Zeugnisse bis heute erhalten sind und stellt zentrale Fragen zum Umgang mit diesem historischen Erbe.<\/p>\n\n\n\n<p>Die Vernissage findet am Sonntag, den 19. April 2026 um 17 Uhr statt.&nbsp;<strong>Dr. Christian Bollacher, Referatsleiter im Landesamt f\u00fcr Denkmalpflege im Regierungspr\u00e4sidium Stuttgart<\/strong>,<strong> wird das Projekt vorstellen<\/strong>.<\/p>\n\n\n\n<p><strong>Ort:\u00a0Rathaus G\u00e4ufelden-Tailfingen, Hauptstra\u00dfe 39<\/strong><br><strong>Vernissage: 19.4.2026, 17 Uhr (Vortrag), die Ausstellung ist ab 15 Uhr ge\u00f6ffnet<br>\u00d6ffnungszeiten:\u00a0<\/strong>an folgenden Sonntagen<br>26.4., <br>03.5., 10.5., 17.5., <br>07.6., 14.6.<br>jeweils <strong>von 15\u201317 Uhr sowie nach Vereinbarung<\/strong><\/p>\n\n\n\n<p>Die Ausstellung l\u00e4dt zur Auseinandersetzung mit der regionalen Geschichte des Nationalsozialismus ein und macht deutlich, wie pr\u00e4sent diese Vergangenheit bis heute ist.<\/p>\n","protected":false},"excerpt":{"rendered":"<p>Vom 19. April bis 14. Juni 2026&nbsp;ist im Dokumentationszentrum die Wanderausstellung \u201eDas KZ vor der Haust\u00fcr\u201c zu sehen. Die vom Landesamt f\u00fcr Denkmalpflege (LAD)&nbsp;entwickelte Ausstellung gibt Einblicke in den nationalsozialistischen Terror in Baden-W\u00fcrttemberg und beleuchtet die Spuren ehemaliger Konzentrationslager in der Region. Im Mittelpunkt stehen die Au\u00dfenlager des KZ-Komplexes Natzweiler, deren Insassen zur Zwangsarbeit eingesetzt [&hellip;]<\/p>\n","protected":false},"author":1,"featured_media":3198,"comment_status":"open","ping_status":"open","sticky":false,"template":"","format":"standard","meta":[],"categories":[14,15,5],"tags":[],"_links":{"self":[{"href":"https:\/\/kz-gedenkstaette-hailfingen-tailfingen.de\/index.php\/wp-json\/wp\/v2\/posts\/3183"}],"collection":[{"href":"https:\/\/kz-gedenkstaette-hailfingen-tailfingen.de\/index.php\/wp-json\/wp\/v2\/posts"}],"about":[{"href":"https:\/\/kz-gedenkstaette-hailfingen-tailfingen.de\/index.php\/wp-json\/wp\/v2\/types\/post"}],"author":[{"embeddable":true,"href":"https:\/\/kz-gedenkstaette-hailfingen-tailfingen.de\/index.php\/wp-json\/wp\/v2\/users\/1"}],"replies":[{"embeddable":true,"href":"https:\/\/kz-gedenkstaette-hailfingen-tailfingen.de\/index.php\/wp-json\/wp\/v2\/comments?post=3183"}],"version-history":[{"count":10,"href":"https:\/\/kz-gedenkstaette-hailfingen-tailfingen.de\/index.php\/wp-json\/wp\/v2\/posts\/3183\/revisions"}],"predecessor-version":[{"id":3204,"href":"https:\/\/kz-gedenkstaette-hailfingen-tailfingen.de\/index.php\/wp-json\/wp\/v2\/posts\/3183\/revisions\/3204"}],"wp:featuredmedia":[{"embeddable":true,"href":"https:\/\/kz-gedenkstaette-hailfingen-tailfingen.de\/index.php\/wp-json\/wp\/v2\/media\/3198"}],"wp:attachment":[{"href":"https:\/\/kz-gedenkstaette-hailfingen-tailfingen.de\/index.php\/wp-json\/wp\/v2\/media?parent=3183"}],"wp:term":[{"taxonomy":"category","embeddable":true,"href":"https:\/\/kz-gedenkstaette-hailfingen-tailfingen.de\/index.php\/wp-json\/wp\/v2\/categories?post=3183"},{"taxonomy":"post_tag","embeddable":true,"href":"https:\/\/kz-gedenkstaette-hailfingen-tailfingen.de\/index.php\/wp-json\/wp\/v2\/tags?post=3183"}],"curies":[{"name":"wp","href":"https:\/\/api.w.org\/{rel}","templated":true}]}}