{"id":2888,"date":"2025-05-19T17:07:10","date_gmt":"2025-05-19T17:07:10","guid":{"rendered":"https:\/\/kz-gedenkstaette-hailfingen-tailfingen.de\/?p=2888"},"modified":"2025-07-04T12:17:36","modified_gmt":"2025-07-04T12:17:36","slug":"29-6-einweihung-gedenkstein-massengrab","status":"publish","type":"post","link":"https:\/\/kz-gedenkstaette-hailfingen-tailfingen.de\/index.php\/2025\/05\/19\/29-6-einweihung-gedenkstein-massengrab\/","title":{"rendered":"29.6. Einweihung eines Gedenksteins am Ort des ehemaligen Massengrabs"},"content":{"rendered":"\n<div class=\"wp-block-image\"><figure class=\"aligncenter size-large\"><img loading=\"lazy\" width=\"1024\" height=\"576\" src=\"https:\/\/kz-gedenkstaette-hailfingen-tailfingen.de\/wp-content\/uploads\/2025\/06\/20250627_190656-Massengrab-wp-1024x576.jpg\" alt=\"\" class=\"wp-image-2927\" srcset=\"https:\/\/kz-gedenkstaette-hailfingen-tailfingen.de\/wp-content\/uploads\/2025\/06\/20250627_190656-Massengrab-wp-1024x576.jpg 1024w, https:\/\/kz-gedenkstaette-hailfingen-tailfingen.de\/wp-content\/uploads\/2025\/06\/20250627_190656-Massengrab-wp-300x169.jpg 300w, https:\/\/kz-gedenkstaette-hailfingen-tailfingen.de\/wp-content\/uploads\/2025\/06\/20250627_190656-Massengrab-wp-768x432.jpg 768w, https:\/\/kz-gedenkstaette-hailfingen-tailfingen.de\/wp-content\/uploads\/2025\/06\/20250627_190656-Massengrab-wp.jpg 1200w\" sizes=\"(max-width: 1024px) 100vw, 1024px\" \/><figcaption><font color=\"black\">Ort des ehemaligen Massengrabs \u2013 Foto: J. Kuhn<\/font><\/figcaption><\/figure><\/div>\n\n\n\n<p><br>Am Sonntag, den 29.6. um 13:30 Uhr wird am ehemaligen Massengrab des KZ-Au\u00dfenlagers Hailfingen ein Gedenkstein eingeweiht, auf dem die Namen der Menschen genannt werden, die Anfang 1945 unweit der damaligen Startbahn verscharrt worden waren und einige Monate sp\u00e4ter auf den Friedhof Tailfingen umgebettet wurden. Da im Judentum der Ort des urspr\u00fcnglichen Grabs eine wichtige Rolle spielt, war es \u00fcberf\u00e4llig, auch dort einen w\u00fcrdigen Erinnerungsort zu schaffen. Der Stein wurde von Bildhauer Ralf Ehmann gestaltet und aus Mitteln der Leibinger Stiftung finanziert.<br><br>Leider musste Rabbiner Mark Pavlovsky kurzfristig absagen, Harald Roth wird seine Botschaft wiedergeben. Johannes Kuhn wird Eric Barons Gru\u00dfbotschaft verlesen, dessen Gro\u00dfvater einer der verstorbenen H\u00e4ftlinge ist. Dr. Fredy Kahn wird vor Ort Kaddish sagen.<br><br><strong>Zeit: 29.6.2025, 13:30 Uhr<br>Ort: Ehemaliges Massengrab des KZ-Au\u00dfenlagers Hailfingen <\/strong>(siehe Anfahrtsbeschreibung unten)<br>Diese Veranstaltung wurde durch die Leibinger Stiftung erm\u00f6glicht.<\/p>\n\n\n\n<p>Im Anschluss an die Veranstaltung (von 15\u201317 Uhr) \u00f6ffnet das Dokumentationszentrum in der Hauptstr. 39, 71126 G\u00e4ufelden-Tailfingen. Johannes Kuhn wird um 15 Uhr eine F\u00fchrung in der Dauerausstellung und der aktuellen <a href=\"https:\/\/kz-gedenkstaette-hailfingen-tailfingen.de\/index.php\/2025\/03\/24\/6-4-25-5-face-history\/\">Wechselausstellung \u201eFace History\u201c<\/a> anbieten. <\/p>\n\n\n\n<p><strong>Wichtiger Hinweis:<\/strong><br>Es werden Temperaturen um die 30 \u00b0C angek\u00fcndigt. Bitte denken Sie an Sonnenschutz (Schirm\/Hut\/Sonnencreme) und Wasser\/Getr\u00e4nke.<\/p>\n\n\n\n<p><strong>Anfahrt zum Ort der Veranstaltung:<\/strong><br>Per Auto fahren Sie zum Mahnmal der KZ-Gedenkst\u00e4tte Hailfingen\/Tailfingen, der Weg dorthin ist auf der Skizze orange markiert. An der Stra\u00dfe L1359 zwischen \u00d6schelbronn und Tailfingen ist der Abzweig ausgeschildert. <br><br>Am Mahnmal k\u00f6nnen Sie parken und 1,2 km zu Fu\u00df zum Ort des ehemaligen Massengrabs gehen. Der Fu\u00dfweg ist auf der Skizze orange gestrichelt markiert.<br><br>\u00c4ltere und bewegungseingeschr\u00e4nkte Menschen k\u00f6nnen au\u00dferdem die in der Skizze gr\u00fcn markierten Wege mit dem Auto befahren. Bei der ersten M\u00f6glichkeit geht es vom Mahnmal aus weiter entlang der ehemaligen Startbahn, vor dem Lindenhof nach rechts und am n\u00e4chsten Abzweig wieder links. Die Stelle, an der es anschlie\u00dfend nochmal nach links geht, ist mit einem Wegzeichen markiert. Die andere M\u00f6glichkeit ist, von der Stra\u00dfe zwischen Tailfingen und Hailfingen aus den Abzweig kurz vor dem Hailfinger Steinbruch bzw. der Kl\u00e4ranlage Richtung Westen zu nehmen bis zu der Stelle, die mit dem Wegzeichen markiert ist, wo es dann rechts abgeht.<\/p>\n\n\n\n<p>Der Veranstaltungsort ist auf der Skizze mit der Ziffer <strong>\u201e<\/strong>(5)<strong>\u201c<\/strong> bzw. einem roten Pfeil markiert.<\/p>\n\n\n\n<figure class=\"wp-block-image size-large\"><img loading=\"lazy\" width=\"1024\" height=\"634\" src=\"https:\/\/kz-gedenkstaette-hailfingen-tailfingen.de\/wp-content\/uploads\/2025\/06\/Wegbeschreibung-zum-ehem.-Massengrab-1024x634.jpg\" alt=\"\" class=\"wp-image-2925\" srcset=\"https:\/\/kz-gedenkstaette-hailfingen-tailfingen.de\/wp-content\/uploads\/2025\/06\/Wegbeschreibung-zum-ehem.-Massengrab-1024x634.jpg 1024w, https:\/\/kz-gedenkstaette-hailfingen-tailfingen.de\/wp-content\/uploads\/2025\/06\/Wegbeschreibung-zum-ehem.-Massengrab-300x186.jpg 300w, https:\/\/kz-gedenkstaette-hailfingen-tailfingen.de\/wp-content\/uploads\/2025\/06\/Wegbeschreibung-zum-ehem.-Massengrab-768x475.jpg 768w, https:\/\/kz-gedenkstaette-hailfingen-tailfingen.de\/wp-content\/uploads\/2025\/06\/Wegbeschreibung-zum-ehem.-Massengrab-1536x950.jpg 1536w, https:\/\/kz-gedenkstaette-hailfingen-tailfingen.de\/wp-content\/uploads\/2025\/06\/Wegbeschreibung-zum-ehem.-Massengrab.jpg 1584w\" sizes=\"(max-width: 1024px) 100vw, 1024px\" \/><\/figure>\n","protected":false},"excerpt":{"rendered":"<p>Am Sonntag, den 29.6. um 13:30 Uhr wird am ehemaligen Massengrab des KZ-Au\u00dfenlagers Hailfingen ein Gedenkstein eingeweiht, auf dem die Namen der Menschen genannt werden, die Anfang 1945 unweit der damaligen Startbahn verscharrt worden waren und einige Monate sp\u00e4ter auf den Friedhof Tailfingen umgebettet wurden. Da im Judentum der Ort des urspr\u00fcnglichen Grabs eine wichtige [&hellip;]<\/p>\n","protected":false},"author":1,"featured_media":2927,"comment_status":"open","ping_status":"open","sticky":false,"template":"","format":"standard","meta":[],"categories":[14,5],"tags":[],"_links":{"self":[{"href":"https:\/\/kz-gedenkstaette-hailfingen-tailfingen.de\/index.php\/wp-json\/wp\/v2\/posts\/2888"}],"collection":[{"href":"https:\/\/kz-gedenkstaette-hailfingen-tailfingen.de\/index.php\/wp-json\/wp\/v2\/posts"}],"about":[{"href":"https:\/\/kz-gedenkstaette-hailfingen-tailfingen.de\/index.php\/wp-json\/wp\/v2\/types\/post"}],"author":[{"embeddable":true,"href":"https:\/\/kz-gedenkstaette-hailfingen-tailfingen.de\/index.php\/wp-json\/wp\/v2\/users\/1"}],"replies":[{"embeddable":true,"href":"https:\/\/kz-gedenkstaette-hailfingen-tailfingen.de\/index.php\/wp-json\/wp\/v2\/comments?post=2888"}],"version-history":[{"count":24,"href":"https:\/\/kz-gedenkstaette-hailfingen-tailfingen.de\/index.php\/wp-json\/wp\/v2\/posts\/2888\/revisions"}],"predecessor-version":[{"id":2953,"href":"https:\/\/kz-gedenkstaette-hailfingen-tailfingen.de\/index.php\/wp-json\/wp\/v2\/posts\/2888\/revisions\/2953"}],"wp:featuredmedia":[{"embeddable":true,"href":"https:\/\/kz-gedenkstaette-hailfingen-tailfingen.de\/index.php\/wp-json\/wp\/v2\/media\/2927"}],"wp:attachment":[{"href":"https:\/\/kz-gedenkstaette-hailfingen-tailfingen.de\/index.php\/wp-json\/wp\/v2\/media?parent=2888"}],"wp:term":[{"taxonomy":"category","embeddable":true,"href":"https:\/\/kz-gedenkstaette-hailfingen-tailfingen.de\/index.php\/wp-json\/wp\/v2\/categories?post=2888"},{"taxonomy":"post_tag","embeddable":true,"href":"https:\/\/kz-gedenkstaette-hailfingen-tailfingen.de\/index.php\/wp-json\/wp\/v2\/tags?post=2888"}],"curies":[{"name":"wp","href":"https:\/\/api.w.org\/{rel}","templated":true}]}}