{"id":2761,"date":"2025-03-24T11:12:44","date_gmt":"2025-03-24T11:12:44","guid":{"rendered":"https:\/\/kz-gedenkstaette-hailfingen-tailfingen.de\/?p=2761"},"modified":"2025-09-13T21:23:57","modified_gmt":"2025-09-13T21:23:57","slug":"6-4-25-5-face-history","status":"publish","type":"post","link":"https:\/\/kz-gedenkstaette-hailfingen-tailfingen.de\/index.php\/2025\/03\/24\/6-4-25-5-face-history\/","title":{"rendered":"6.4.\u201327.7. (verl\u00e4ngert!) Face History \u2013 Angeh\u00f6rige der KZ-H\u00e4ftlinge im Portr\u00e4t"},"content":{"rendered":"\n<div class=\"wp-block-image\"><figure class=\"aligncenter size-large\"><img loading=\"lazy\" width=\"874\" height=\"620\" src=\"https:\/\/kz-gedenkstaette-hailfingen-tailfingen.de\/wp-content\/uploads\/2025\/05\/Face-History-rgb-Flyer-3.jpg\" alt=\"\" class=\"wp-image-2894\" srcset=\"https:\/\/kz-gedenkstaette-hailfingen-tailfingen.de\/wp-content\/uploads\/2025\/05\/Face-History-rgb-Flyer-3.jpg 874w, https:\/\/kz-gedenkstaette-hailfingen-tailfingen.de\/wp-content\/uploads\/2025\/05\/Face-History-rgb-Flyer-3-300x213.jpg 300w, https:\/\/kz-gedenkstaette-hailfingen-tailfingen.de\/wp-content\/uploads\/2025\/05\/Face-History-rgb-Flyer-3-768x545.jpg 768w\" sizes=\"(max-width: 874px) 100vw, 874px\" \/><\/figure><\/div>\n\n\n\n<p>Die Befreiung der Konzentrationslager war nicht das Ende der Geschichte. Die \u00dcberlebenden mussten ihr Leben lang mit den Folgen ihrer Verfolgung k\u00e4mpfen. Und nicht nur sie \u2013 auch die Kinder und Enkel der ehemaligen H\u00e4ftlinge sind betroffen und m\u00fcssen sich der Vergangenheit stellen. \u201eFace History\u201c zeigt ihre Gesichter. <br>Eine visuelle Begegnung zwischen Malerei und Dokumentation, konzipiert und gestaltet von Johannes Kuhn.<br><br>Johannes Kuhn (auch \u201eNucker\u201c) hat in W\u00fcrzburg Kommunikationsdesign studiert. Er besch\u00e4ftigt sich seit 2005 mit dem KZ-Au\u00dfenlager Hailfingen. 2014 feierte sein Dokumentarfilm \u201eDer Dachdecker von Birkenau\u201c \u00fcber den \u00dcberlebenden Mordechai Ciechanower Premiere. Johannes Kuhn ist Mitarbeiter der KZ-Gedenkst\u00e4tte Hailfingen\/Tailfingen und lebt in Berlin.<\/p>\n\n\n\n<p><strong>Vernissage: Sonntag, 6.4. um 15 Uhr<\/strong><br><strong>Musikalische Umrahmung: Sarah Wilkens<\/strong><br><strong><br>Ausstellungsdauer: 6.4. \u2013 27.7.2025<\/strong><br><strong>\u00d6ffnungzeiten: 6.4., 13.4., 27.4., 4.5., 11.5., 18.5., 25.5., 22.6., 29.6., 6.7., 13.7., 20.7., 27.7. <\/strong><br><strong>jeweils 15\u201317 Uhr und nach Vereinbarung<\/strong><br><strong>Ort: Dokumentationszentrum der KZ-Gedenkst\u00e4tte Hailfingen\/Tailfingen, Hauptstr. 39, 71126 G\u00e4ufelden-Tailfingen<br>Geb\u00fchr: Spende<\/strong><\/p>\n\n\n\n<div class=\"wp-block-file\"><a href=\"https:\/\/kz-gedenkstaette-hailfingen-tailfingen.de\/wp-content\/uploads\/2025\/05\/Face-History-rgb-Flyer-3.pdf\">Face-History-Flyer (mit verl\u00e4ngertem Zeitraum) als PDF<\/a><a href=\"https:\/\/kz-gedenkstaette-hailfingen-tailfingen.de\/wp-content\/uploads\/2025\/05\/Face-History-rgb-Flyer-3.pdf\" class=\"wp-block-file__button\" download>Herunterladen<\/a><\/div>\n\n\n\n<p>Die Ausstellung ist Teil der Veranstaltungsreihe&nbsp;\u201eGesichter des Krieges \u2013 Gesichter des Friedens\u201c, einer Kooperation folgender Institutionen:<br>Evangelische Erwachsenenbildung im Kirchenbezirk Herrenberg<br>Stadtbibliothek Herrenberg<br>KZ-Gedenkst\u00e4tte Hailfingen\/Tailfingen<br>Gegen Vergessen \u2013 F\u00fcr Demokratie, Regionale Arbeitsgruppe B\u00f6blingen\/Herrenberg\/T\u00fcbingen<\/p>\n\n\n\n<p>Hier finden Sie das komplette Programm:<\/p>\n\n\n\n<figure class=\"wp-block-image size-large is-resized\"><img loading=\"lazy\" src=\"https:\/\/kz-gedenkstaette-hailfingen-tailfingen.de\/wp-content\/uploads\/2025\/03\/Broschuere_Gesichter_des_Krieges_Vorderseite.jpg\" alt=\"\" class=\"wp-image-2721\" width=\"98\" height=\"207\" srcset=\"https:\/\/kz-gedenkstaette-hailfingen-tailfingen.de\/wp-content\/uploads\/2025\/03\/Broschuere_Gesichter_des_Krieges_Vorderseite.jpg 195w, https:\/\/kz-gedenkstaette-hailfingen-tailfingen.de\/wp-content\/uploads\/2025\/03\/Broschuere_Gesichter_des_Krieges_Vorderseite-142x300.jpg 142w\" sizes=\"(max-width: 98px) 100vw, 98px\" \/><\/figure>\n\n\n\n<div class=\"wp-block-file\"><a href=\"https:\/\/kz-gedenkstaette-hailfingen-tailfingen.de\/wp-content\/uploads\/2025\/03\/Broschuere_Gesichter_des_Krieges.pdf\"><a href=\"https:\/\/kz-gedenkstaette-hailfingen-tailfingen.de\/wp-content\/uploads\/2025\/03\/Broschuere_Gesichter_des_Krieges.pdf\">Brosch\u00fcre\u00a0<strong>\u201e<\/strong>Gesichter des Krieges \u2013 Gesichter des Friedens<strong>\u201c<\/strong>\u00a0(PDF)<\/a><\/a><a href=\"https:\/\/kz-gedenkstaette-hailfingen-tailfingen.de\/wp-content\/uploads\/2025\/03\/Broschuere_Gesichter_des_Krieges.pdf\" class=\"wp-block-file__button\" download>Herunterladen<\/a><\/div>\n\n\n\n<p><\/p>\n","protected":false},"excerpt":{"rendered":"<p>Die Befreiung der Konzentrationslager war nicht das Ende der Geschichte. Die \u00dcberlebenden mussten ihr Leben lang mit den Folgen ihrer Verfolgung k\u00e4mpfen. Und nicht nur sie \u2013 auch die Kinder und Enkel der ehemaligen H\u00e4ftlinge sind betroffen und m\u00fcssen sich der Vergangenheit stellen. \u201eFace History\u201c zeigt ihre Gesichter. Eine visuelle Begegnung zwischen Malerei und Dokumentation, [&hellip;]<\/p>\n","protected":false},"author":1,"featured_media":2794,"comment_status":"open","ping_status":"open","sticky":false,"template":"","format":"standard","meta":[],"categories":[14,5],"tags":[],"_links":{"self":[{"href":"https:\/\/kz-gedenkstaette-hailfingen-tailfingen.de\/index.php\/wp-json\/wp\/v2\/posts\/2761"}],"collection":[{"href":"https:\/\/kz-gedenkstaette-hailfingen-tailfingen.de\/index.php\/wp-json\/wp\/v2\/posts"}],"about":[{"href":"https:\/\/kz-gedenkstaette-hailfingen-tailfingen.de\/index.php\/wp-json\/wp\/v2\/types\/post"}],"author":[{"embeddable":true,"href":"https:\/\/kz-gedenkstaette-hailfingen-tailfingen.de\/index.php\/wp-json\/wp\/v2\/users\/1"}],"replies":[{"embeddable":true,"href":"https:\/\/kz-gedenkstaette-hailfingen-tailfingen.de\/index.php\/wp-json\/wp\/v2\/comments?post=2761"}],"version-history":[{"count":14,"href":"https:\/\/kz-gedenkstaette-hailfingen-tailfingen.de\/index.php\/wp-json\/wp\/v2\/posts\/2761\/revisions"}],"predecessor-version":[{"id":2897,"href":"https:\/\/kz-gedenkstaette-hailfingen-tailfingen.de\/index.php\/wp-json\/wp\/v2\/posts\/2761\/revisions\/2897"}],"wp:featuredmedia":[{"embeddable":true,"href":"https:\/\/kz-gedenkstaette-hailfingen-tailfingen.de\/index.php\/wp-json\/wp\/v2\/media\/2794"}],"wp:attachment":[{"href":"https:\/\/kz-gedenkstaette-hailfingen-tailfingen.de\/index.php\/wp-json\/wp\/v2\/media?parent=2761"}],"wp:term":[{"taxonomy":"category","embeddable":true,"href":"https:\/\/kz-gedenkstaette-hailfingen-tailfingen.de\/index.php\/wp-json\/wp\/v2\/categories?post=2761"},{"taxonomy":"post_tag","embeddable":true,"href":"https:\/\/kz-gedenkstaette-hailfingen-tailfingen.de\/index.php\/wp-json\/wp\/v2\/tags?post=2761"}],"curies":[{"name":"wp","href":"https:\/\/api.w.org\/{rel}","templated":true}]}}