{"id":2717,"date":"2025-03-12T16:09:19","date_gmt":"2025-03-12T16:09:19","guid":{"rendered":"https:\/\/kz-gedenkstaette-hailfingen-tailfingen.de\/?p=2717"},"modified":"2025-04-03T10:15:08","modified_gmt":"2025-04-03T10:15:08","slug":"20-3-spaziergang","status":"publish","type":"post","link":"https:\/\/kz-gedenkstaette-hailfingen-tailfingen.de\/index.php\/2025\/03\/12\/20-3-spaziergang\/","title":{"rendered":"20.3. Spaziergang auf der ehemaligen Start- und Landebahn \u2013 mit Wolfgang Schmidt und Harald Roth"},"content":{"rendered":"\n<div class=\"wp-block-image\"><figure class=\"aligncenter size-large is-resized\"><img loading=\"lazy\" src=\"https:\/\/kz-gedenkstaette-hailfingen-tailfingen.de\/wp-content\/uploads\/2025\/03\/IMG_8908-b-1200x800-1-1024x683.jpg\" alt=\"\" class=\"wp-image-2729\" width=\"512\" height=\"342\" srcset=\"https:\/\/kz-gedenkstaette-hailfingen-tailfingen.de\/wp-content\/uploads\/2025\/03\/IMG_8908-b-1200x800-1-1024x683.jpg 1024w, https:\/\/kz-gedenkstaette-hailfingen-tailfingen.de\/wp-content\/uploads\/2025\/03\/IMG_8908-b-1200x800-1-300x200.jpg 300w, https:\/\/kz-gedenkstaette-hailfingen-tailfingen.de\/wp-content\/uploads\/2025\/03\/IMG_8908-b-1200x800-1-768x512.jpg 768w, https:\/\/kz-gedenkstaette-hailfingen-tailfingen.de\/wp-content\/uploads\/2025\/03\/IMG_8908-b-1200x800-1.jpg 1200w\" sizes=\"(max-width: 512px) 100vw, 512px\" \/><figcaption><font color=\"black\">\u201eBilder in B\u00e4umen\u201c \u2013 Foto: J. Kuhn (Juli 2024)<\/font><\/figcaption><\/figure><\/div>\n\n\n\n<p>Nach Kriegsende entwickelte sich auf dem Gel\u00e4nde ein <strong>\u201e<\/strong>Gesch\u00fctzter Gr\u00fcnbestand<strong>\u201c<\/strong>. <br>Wir betrachten die Kunstwerke, die auf dem Skulpturenpfad platziert wurden, u. a. die Installation <strong>\u201e<\/strong>Bilder in den B\u00e4umen<strong>\u201c<\/strong> des Fotografen Wolfgang Schmidt. <br><br>F\u00fchrung: <br>Wolfgang Schmidt (Ammerbuch) <br>Harald Roth (Herrenberg) <br><br><strong>Termin: Donnerstag, 20. M\u00e4rz, 17 Uhr<br>Ort: Mahnmal f\u00fcr die 601 j\u00fcdischen H\u00e4ftlinge des KZ-Au\u00dfenlagers Hailfingen\/Tailfingen<br>(Abzweig ausgeschildert auf der L1359 zwischen G\u00e4ufelden-Tailfingen und G.-\u00d6schelbronn)<br>Eintritt: frei, Spende erw\u00fcnscht<\/strong><\/p>\n\n\n\n<p>Die Veranstaltung ist Teil der Veranstaltungsreihe \u201eGesichter des Krieges \u2013 Gesichter des Friedens\u201c, einer Kooperation folgender Institutionen:<br>Evangelische Erwachsenenbildung im Kirchenbezirk Herrenberg<br>Stadtbibliothek Herrenberg<br>KZ-Gedenkst\u00e4tte Hailfingen\/Tailfingen<br>Gegen Vergessen \u2013 F\u00fcr Demokratie, Regionale Arbeitsgruppe B\u00f6blingen\/Herrenberg\/T\u00fcbingen<\/p>\n\n\n\n<p>Hier finden Sie das komplette Programm:<\/p>\n\n\n\n<figure class=\"wp-block-image size-large is-resized\"><a href=\"https:\/\/kz-gedenkstaette-hailfingen-tailfingen.de\/wp-content\/uploads\/2025\/03\/Broschuere_Gesichter_des_Krieges_Vorderseite.jpg\"><img loading=\"lazy\" src=\"https:\/\/kz-gedenkstaette-hailfingen-tailfingen.de\/wp-content\/uploads\/2025\/03\/Broschuere_Gesichter_des_Krieges_Vorderseite.jpg\" alt=\"\" class=\"wp-image-2721\" width=\"146\" height=\"310\"\/><\/a><\/figure>\n\n\n\n<div class=\"wp-block-file\"><a href=\"https:\/\/kz-gedenkstaette-hailfingen-tailfingen.de\/wp-content\/uploads\/2025\/03\/Broschuere_Gesichter_des_Krieges.pdf\">Brosch\u00fcre <strong>\u201e<\/strong>Gesichter des Krieges \u2013 Gesichter des Friedens<strong>\u201c<\/strong> (PDF)<\/a><a href=\"https:\/\/kz-gedenkstaette-hailfingen-tailfingen.de\/wp-content\/uploads\/2025\/03\/Broschuere_Gesichter_des_Krieges.pdf\" class=\"wp-block-file__button\" download>Herunterladen<\/a><\/div>\n","protected":false},"excerpt":{"rendered":"<p>Nach Kriegsende entwickelte sich auf dem Gel\u00e4nde ein \u201eGesch\u00fctzter Gr\u00fcnbestand\u201c. Wir betrachten die Kunstwerke, die auf dem Skulpturenpfad platziert wurden, u. a. die Installation \u201eBilder in den B\u00e4umen\u201c des Fotografen Wolfgang Schmidt. F\u00fchrung: Wolfgang Schmidt (Ammerbuch) Harald Roth (Herrenberg) Termin: Donnerstag, 20. M\u00e4rz, 17 UhrOrt: Mahnmal f\u00fcr die 601 j\u00fcdischen H\u00e4ftlinge des KZ-Au\u00dfenlagers Hailfingen\/Tailfingen(Abzweig ausgeschildert [&hellip;]<\/p>\n","protected":false},"author":1,"featured_media":2726,"comment_status":"open","ping_status":"open","sticky":false,"template":"","format":"standard","meta":[],"categories":[14,5],"tags":[],"_links":{"self":[{"href":"https:\/\/kz-gedenkstaette-hailfingen-tailfingen.de\/index.php\/wp-json\/wp\/v2\/posts\/2717"}],"collection":[{"href":"https:\/\/kz-gedenkstaette-hailfingen-tailfingen.de\/index.php\/wp-json\/wp\/v2\/posts"}],"about":[{"href":"https:\/\/kz-gedenkstaette-hailfingen-tailfingen.de\/index.php\/wp-json\/wp\/v2\/types\/post"}],"author":[{"embeddable":true,"href":"https:\/\/kz-gedenkstaette-hailfingen-tailfingen.de\/index.php\/wp-json\/wp\/v2\/users\/1"}],"replies":[{"embeddable":true,"href":"https:\/\/kz-gedenkstaette-hailfingen-tailfingen.de\/index.php\/wp-json\/wp\/v2\/comments?post=2717"}],"version-history":[{"count":6,"href":"https:\/\/kz-gedenkstaette-hailfingen-tailfingen.de\/index.php\/wp-json\/wp\/v2\/posts\/2717\/revisions"}],"predecessor-version":[{"id":2797,"href":"https:\/\/kz-gedenkstaette-hailfingen-tailfingen.de\/index.php\/wp-json\/wp\/v2\/posts\/2717\/revisions\/2797"}],"wp:featuredmedia":[{"embeddable":true,"href":"https:\/\/kz-gedenkstaette-hailfingen-tailfingen.de\/index.php\/wp-json\/wp\/v2\/media\/2726"}],"wp:attachment":[{"href":"https:\/\/kz-gedenkstaette-hailfingen-tailfingen.de\/index.php\/wp-json\/wp\/v2\/media?parent=2717"}],"wp:term":[{"taxonomy":"category","embeddable":true,"href":"https:\/\/kz-gedenkstaette-hailfingen-tailfingen.de\/index.php\/wp-json\/wp\/v2\/categories?post=2717"},{"taxonomy":"post_tag","embeddable":true,"href":"https:\/\/kz-gedenkstaette-hailfingen-tailfingen.de\/index.php\/wp-json\/wp\/v2\/tags?post=2717"}],"curies":[{"name":"wp","href":"https:\/\/api.w.org\/{rel}","templated":true}]}}