{"id":2654,"date":"2025-01-17T09:00:14","date_gmt":"2025-01-17T09:00:14","guid":{"rendered":"https:\/\/kz-gedenkstaette-hailfingen-tailfingen.de\/?p=2654"},"modified":"2025-04-03T10:15:38","modified_gmt":"2025-04-03T10:15:38","slug":"27-1-gedenkgottesdienst-2","status":"publish","type":"post","link":"https:\/\/kz-gedenkstaette-hailfingen-tailfingen.de\/index.php\/2025\/01\/17\/27-1-gedenkgottesdienst-2\/","title":{"rendered":"27.1. Gedenkgottesdienst"},"content":{"rendered":"\n<p><strong>Gedenkgottesdienst am Tag des Gedenkens an die Opfer des Nationalsozialismus \u2013 <br><\/strong><\/p>\n\n\n\n<p>In den Lagern auf dem Milit\u00e4rflugplatz Hailfingen\/Tailfingen waren in den letzten Kriegsjahren etwa 2000 Menschen zur Zwangsarbeit gezwungen, unter ihnen 600 j\u00fcdische KZ-H\u00e4ftlinge. Von ihnen starben 189 dort. 75 von ihnen wurden auf dem Tailfinger Friedhof beerdigt.<br><br>Der Tag des Gedenkens ist als Jahrestag bezogen auf den 27. Januar 1945, den Tag der Befreiung des Vernichtungslagers Auschwitz-Birkenau und der beiden anderen Konzentrationslager Auschwitz durch die Rote Armee.<br>In dem Gedenkgottesdienst geht es um die Opfer unter den j\u00fcdischen Gefangenen, die in der R\u00e9sistance waren; \u00fcber deren Geschichte wird wird ein kleiner Einblick gegeben. <\/p>\n\n\n\n<p>Die musikalische Gestaltung des Gottesdienstes \u00fcbernehmen Adelheid Mehnert-Mall, Orgel, und Volker Mall, Gesang.<\/p>\n\n\n\n<p><strong>Termin: Montag, 27.01.2025, 19 Uhr<br>Ort: Evangelische Kirche G\u00e4ufelden-Tailfingen<br>Geb\u00fchr: Spende<\/strong><br><br>Mitveranstalter:<br>Evangelische Kirchengemeinde Tailfingen, Katholische Kirchengemeinde Jettingen-G\u00e4ufelden-Bondorf<\/p>\n\n\n\n<p>Der Gedenkgottesdienst ist der Auftakt der Veranstaltungsreihe <strong>\u201e<\/strong>Gesichter des Krieges, Gesichter des Friedens \u2013 80 Jahre Kriegsende<strong>\u201c<\/strong>.<\/p>\n\n\n\n<figure class=\"wp-block-image size-large is-resized\"><img loading=\"lazy\" src=\"https:\/\/kz-gedenkstaette-hailfingen-tailfingen.de\/wp-content\/uploads\/2025\/03\/Broschuere_Gesichter_des_Krieges_Vorderseite.jpg\" alt=\"\" class=\"wp-image-2721\" width=\"146\" height=\"310\"\/><\/figure>\n\n\n\n<div class=\"wp-block-file\"><a href=\"https:\/\/kz-gedenkstaette-hailfingen-tailfingen.de\/wp-content\/uploads\/2025\/01\/Broschuere_GesichterDesKrieges_LAY2.pdf\">Brosch\u00fcre \u201eGesichter des Krieges, Gesichter des Friedens\u201c (PDF)<\/a><a href=\"https:\/\/kz-gedenkstaette-hailfingen-tailfingen.de\/wp-content\/uploads\/2025\/01\/Broschuere_GesichterDesKrieges_LAY2.pdf\" class=\"wp-block-file__button\" download>Herunterladen<\/a><\/div>\n","protected":false},"excerpt":{"rendered":"<p>Gedenkgottesdienst am Tag des Gedenkens an die Opfer des Nationalsozialismus \u2013 In den Lagern auf dem Milit\u00e4rflugplatz Hailfingen\/Tailfingen waren in den letzten Kriegsjahren etwa 2000 Menschen zur Zwangsarbeit gezwungen, unter ihnen 600 j\u00fcdische KZ-H\u00e4ftlinge. Von ihnen starben 189 dort. 75 von ihnen wurden auf dem Tailfinger Friedhof beerdigt. Der Tag des Gedenkens ist als Jahrestag [&hellip;]<\/p>\n","protected":false},"author":1,"featured_media":2725,"comment_status":"open","ping_status":"open","sticky":false,"template":"","format":"standard","meta":[],"categories":[14,5],"tags":[],"_links":{"self":[{"href":"https:\/\/kz-gedenkstaette-hailfingen-tailfingen.de\/index.php\/wp-json\/wp\/v2\/posts\/2654"}],"collection":[{"href":"https:\/\/kz-gedenkstaette-hailfingen-tailfingen.de\/index.php\/wp-json\/wp\/v2\/posts"}],"about":[{"href":"https:\/\/kz-gedenkstaette-hailfingen-tailfingen.de\/index.php\/wp-json\/wp\/v2\/types\/post"}],"author":[{"embeddable":true,"href":"https:\/\/kz-gedenkstaette-hailfingen-tailfingen.de\/index.php\/wp-json\/wp\/v2\/users\/1"}],"replies":[{"embeddable":true,"href":"https:\/\/kz-gedenkstaette-hailfingen-tailfingen.de\/index.php\/wp-json\/wp\/v2\/comments?post=2654"}],"version-history":[{"count":6,"href":"https:\/\/kz-gedenkstaette-hailfingen-tailfingen.de\/index.php\/wp-json\/wp\/v2\/posts\/2654\/revisions"}],"predecessor-version":[{"id":2798,"href":"https:\/\/kz-gedenkstaette-hailfingen-tailfingen.de\/index.php\/wp-json\/wp\/v2\/posts\/2654\/revisions\/2798"}],"wp:featuredmedia":[{"embeddable":true,"href":"https:\/\/kz-gedenkstaette-hailfingen-tailfingen.de\/index.php\/wp-json\/wp\/v2\/media\/2725"}],"wp:attachment":[{"href":"https:\/\/kz-gedenkstaette-hailfingen-tailfingen.de\/index.php\/wp-json\/wp\/v2\/media?parent=2654"}],"wp:term":[{"taxonomy":"category","embeddable":true,"href":"https:\/\/kz-gedenkstaette-hailfingen-tailfingen.de\/index.php\/wp-json\/wp\/v2\/categories?post=2654"},{"taxonomy":"post_tag","embeddable":true,"href":"https:\/\/kz-gedenkstaette-hailfingen-tailfingen.de\/index.php\/wp-json\/wp\/v2\/tags?post=2654"}],"curies":[{"name":"wp","href":"https:\/\/api.w.org\/{rel}","templated":true}]}}