{"id":2464,"date":"2024-10-22T09:04:16","date_gmt":"2024-10-22T09:04:16","guid":{"rendered":"https:\/\/kz-gedenkstaette-hailfingen-tailfingen.de\/?p=2464"},"modified":"2025-09-18T10:28:09","modified_gmt":"2025-09-18T10:28:09","slug":"8-12-das-rechte-gift","status":"publish","type":"post","link":"https:\/\/kz-gedenkstaette-hailfingen-tailfingen.de\/index.php\/2024\/10\/22\/8-12-das-rechte-gift\/","title":{"rendered":"VERSCHOBEN auf 10.10.!: Das rechte Gift in den B\u00fcchern des Rottenburger Kopp-Verlages \u2013 Vortrag von Albert Bodenmiller"},"content":{"rendered":"\n<div class=\"wp-block-image\"><figure class=\"aligncenter size-large\"><img loading=\"lazy\" width=\"683\" height=\"1024\" src=\"https:\/\/kz-gedenkstaette-hailfingen-tailfingen.de\/wp-content\/uploads\/2024\/10\/Albert-Bodenmiller-Foto-Johannes-Kuhn-IMG_8672-b-720p-683x1024.jpg\" alt=\"\" class=\"wp-image-2468\" srcset=\"https:\/\/kz-gedenkstaette-hailfingen-tailfingen.de\/wp-content\/uploads\/2024\/10\/Albert-Bodenmiller-Foto-Johannes-Kuhn-IMG_8672-b-720p-683x1024.jpg 683w, https:\/\/kz-gedenkstaette-hailfingen-tailfingen.de\/wp-content\/uploads\/2024\/10\/Albert-Bodenmiller-Foto-Johannes-Kuhn-IMG_8672-b-720p-200x300.jpg 200w, https:\/\/kz-gedenkstaette-hailfingen-tailfingen.de\/wp-content\/uploads\/2024\/10\/Albert-Bodenmiller-Foto-Johannes-Kuhn-IMG_8672-b-720p.jpg 720w\" sizes=\"(max-width: 683px) 100vw, 683px\" \/><figcaption><font color=\"black\">Albert Bodenmiller (2018) \u2013 Foto: J. Kuhn<\/font><\/figcaption><\/figure><\/div>\n\n\n\n<p>Dieser Vortrag musste leider verschoben werden. Die Veranstaltungsseite f\u00fcr den neuen Termin finden Sie <a href=\"https:\/\/kz-gedenkstaette-hailfingen-tailfingen.de\/index.php\/2025\/08\/11\/10-10-kopp-verlag-bodenmiller\/\">hier<\/a>.<br><br>Albert Bodenmiller<a> <\/a>war lange im Rottenburger Gemeinderat und begann vor 13 Jahren den Kampf gegen den Kopp-Verlag. Als Kopp 2011 plante, ein gr\u00f6\u00dferes Grundst\u00fcck im Stadtgebiet Rottenburg aufzukaufen, stellte sich Bodenmiller im Gemeinderat quer, ohne Erfolg. Bodenmiller: \u201eEs gab eine enge Verbindung zwischen Kopp und der Stadt\u201c, der Projektleiter f\u00fcr den Neubau war ein wichtiger CDU-Mann. Kopp sponserte au\u00dferdem die Volleyballmannschaft des TVR, des m\u00e4chtigsten Vereins in der Stadt.<\/p>\n\n\n\n<p>Bodenmiller versteht sich selbst als Katholik, tritt ein f\u00fcr einen im Grunde konservativen Wertekanon, wendet sich aber entschieden gegen einen Verlag, in dessen Programm er Schriften findet, die, wie er sagt, \u201egruppenbezogene Menschenfeindlichkeit propagieren, sich gegen Menschen anderer Hautfarbe oder sexueller Orientierung wenden.\u201c<\/p>\n\n\n\n<p>F\u00fcr Albert Bodenmiller ist der Widerstand gegen Kopp nicht zuletzt auch Beispiel daf\u00fcr, \u201ewie der Kampf gegen den Rechtsradikalismus in einer solchen Stadt gef\u00fchrt werden kann und wo die Schwierigkeiten liegen.\u201c Und er sagt: \u201eIch habe nie verlangt, dass ein Buch verboten wird. Aber auch f\u00fcr mich gilt der Artikel 5 GG: Ich habe das Recht zu sagen, welches Gift in diesen B\u00fcchern steckt, es beim Namen zu nennen und davor zu warnen.\u201c<\/p>\n\n\n\n<p><strong>10.10.2025<\/strong><\/p>\n\n\n\n<p><strong><s>8.12.2024, 17 Uhr<br>Seminarraum im Dokumentationszentrum der KZ-Gedenkst\u00e4tte Hailfingen\/Tailfingen<br>Hauptstr. 39, 71126 G\u00e4ufelden-Tailfingen<br>Der Eintritt ist frei. Um 16 Uhr findet eine F\u00fchrung statt.<\/s><\/strong><\/p>\n\n\n\n<p>Veranstalter:<\/p>\n\n\n\n<p>KZ-Gedenkst\u00e4tte Hailfingen\/Tailfingen<br>Gegen Vergessen\/F\u00fcr Demokratie e.V. Sektion B\u00f6blingen-Herrenberg-T\u00fcbingen<br>Herrenberg Bleibt Bunt<br>Rosa-Luxemburg-Kreis Herrenberg<br>ROSA Reutlingen<\/p>\n\n\n\n<div class=\"wp-block-file\"><a href=\"https:\/\/kz-gedenkstaette-hailfingen-tailfingen.de\/wp-content\/uploads\/2024\/10\/2024-12-08_kopp-verlag_bodenmiller.pdf\">Diese Pressemitteilung (PDF)<\/a><a href=\"https:\/\/kz-gedenkstaette-hailfingen-tailfingen.de\/wp-content\/uploads\/2024\/10\/2024-12-08_kopp-verlag_bodenmiller.pdf\" class=\"wp-block-file__button\" download>Herunterladen<\/a><\/div>\n\n\n\n<p><\/p>\n","protected":false},"excerpt":{"rendered":"<p>Dieser Vortrag musste leider verschoben werden. Die Veranstaltungsseite f\u00fcr den neuen Termin finden Sie hier. Albert Bodenmiller war lange im Rottenburger Gemeinderat und begann vor 13 Jahren den Kampf gegen den Kopp-Verlag. Als Kopp 2011 plante, ein gr\u00f6\u00dferes Grundst\u00fcck im Stadtgebiet Rottenburg aufzukaufen, stellte sich Bodenmiller im Gemeinderat quer, ohne Erfolg. Bodenmiller: \u201eEs gab eine [&hellip;]<\/p>\n","protected":false},"author":1,"featured_media":2477,"comment_status":"open","ping_status":"open","sticky":false,"template":"","format":"standard","meta":[],"categories":[14,5],"tags":[],"_links":{"self":[{"href":"https:\/\/kz-gedenkstaette-hailfingen-tailfingen.de\/index.php\/wp-json\/wp\/v2\/posts\/2464"}],"collection":[{"href":"https:\/\/kz-gedenkstaette-hailfingen-tailfingen.de\/index.php\/wp-json\/wp\/v2\/posts"}],"about":[{"href":"https:\/\/kz-gedenkstaette-hailfingen-tailfingen.de\/index.php\/wp-json\/wp\/v2\/types\/post"}],"author":[{"embeddable":true,"href":"https:\/\/kz-gedenkstaette-hailfingen-tailfingen.de\/index.php\/wp-json\/wp\/v2\/users\/1"}],"replies":[{"embeddable":true,"href":"https:\/\/kz-gedenkstaette-hailfingen-tailfingen.de\/index.php\/wp-json\/wp\/v2\/comments?post=2464"}],"version-history":[{"count":7,"href":"https:\/\/kz-gedenkstaette-hailfingen-tailfingen.de\/index.php\/wp-json\/wp\/v2\/posts\/2464\/revisions"}],"predecessor-version":[{"id":3097,"href":"https:\/\/kz-gedenkstaette-hailfingen-tailfingen.de\/index.php\/wp-json\/wp\/v2\/posts\/2464\/revisions\/3097"}],"wp:featuredmedia":[{"embeddable":true,"href":"https:\/\/kz-gedenkstaette-hailfingen-tailfingen.de\/index.php\/wp-json\/wp\/v2\/media\/2477"}],"wp:attachment":[{"href":"https:\/\/kz-gedenkstaette-hailfingen-tailfingen.de\/index.php\/wp-json\/wp\/v2\/media?parent=2464"}],"wp:term":[{"taxonomy":"category","embeddable":true,"href":"https:\/\/kz-gedenkstaette-hailfingen-tailfingen.de\/index.php\/wp-json\/wp\/v2\/categories?post=2464"},{"taxonomy":"post_tag","embeddable":true,"href":"https:\/\/kz-gedenkstaette-hailfingen-tailfingen.de\/index.php\/wp-json\/wp\/v2\/tags?post=2464"}],"curies":[{"name":"wp","href":"https:\/\/api.w.org\/{rel}","templated":true}]}}