{"id":2447,"date":"2024-10-08T15:04:40","date_gmt":"2024-10-08T15:04:40","guid":{"rendered":"https:\/\/kz-gedenkstaette-hailfingen-tailfingen.de\/?p=2447"},"modified":"2025-02-12T09:15:27","modified_gmt":"2025-02-12T09:15:27","slug":"4-11-2-12-ausstellungs-vernissage-8-11-man-wird-ja-wohl-noch-sagen-duerfen","status":"publish","type":"post","link":"https:\/\/kz-gedenkstaette-hailfingen-tailfingen.de\/index.php\/2024\/10\/08\/4-11-2-12-ausstellungs-vernissage-8-11-man-wird-ja-wohl-noch-sagen-duerfen\/","title":{"rendered":"4.11.\u20132.12. \u201eMan wird ja wohl noch sagen d\u00fcrfen \u2026\u201c, 10.11. Vernissage"},"content":{"rendered":"\n<div class=\"wp-block-image\"><figure class=\"aligncenter size-large\"><img loading=\"lazy\" width=\"1024\" height=\"576\" src=\"https:\/\/kz-gedenkstaette-hailfingen-tailfingen.de\/wp-content\/uploads\/2024\/11\/20241109_181556-1200x675-1-1024x576.jpg\" alt=\"\" class=\"wp-image-2537\" srcset=\"https:\/\/kz-gedenkstaette-hailfingen-tailfingen.de\/wp-content\/uploads\/2024\/11\/20241109_181556-1200x675-1-1024x576.jpg 1024w, https:\/\/kz-gedenkstaette-hailfingen-tailfingen.de\/wp-content\/uploads\/2024\/11\/20241109_181556-1200x675-1-300x169.jpg 300w, https:\/\/kz-gedenkstaette-hailfingen-tailfingen.de\/wp-content\/uploads\/2024\/11\/20241109_181556-1200x675-1-768x432.jpg 768w, https:\/\/kz-gedenkstaette-hailfingen-tailfingen.de\/wp-content\/uploads\/2024\/11\/20241109_181556-1200x675-1.jpg 1200w\" sizes=\"(max-width: 1024px) 100vw, 1024px\" \/><figcaption><font color=\"black\">Wanderausstellung \u201eMan wird ja wohl noch sagen d\u00fcrfen \u2026\u201c \u2013 Foto: J. Kuhn<\/font><\/figcaption><\/figure><\/div>\n\n\n\n<p>Vor kurzem hat die Gemeinde G\u00e4ufelden der KZ-Gedenkst\u00e4tte den Raum im Rathaus Tailfingen zur Verf\u00fcgung gestellt, in dem die Ortsb\u00fccherei G\u00e4ufelden, Zweigstelle Tailfingen, untergebracht war. Dieser Raum soll f\u00fcr Wechselausstellungen gen\u00fctzt werden.<\/p>\n\n\n\n<p>Den Anfang macht die vom Dokumentationszentrum Oberer Kuhberg Ulm erarbeitete Wanderausstellung \u201e\u201aMan wird ja wohl noch sagen d\u00fcrfen \u2026\u2018: Zum Umgang mit demokratiefeindlicher und menschenverachtender Sprache\u201c. Sie thematisiert acht Schl\u00fcsselbegriffe zum Thema, u. a. \u201eVolk\u201c, \u201eHeimat\u201c, \u201eWiderstand\u201c und \u201eL\u00fcgenpresse\u201c. Sie zeigt deren Verwendung in Geschichte und Gegenwart und stellt Interventionsm\u00f6glichkeiten gegen den Gebrauch menschenverachtender Sprache vor.<\/p>\n\n\n\n<p><strong>Sie wird in Tailfingen vom 04.11.2024 bis zum 02.12.2024 zu sehen sein (Details siehe unten).<br>Am Sonntag, 10.11.2024 um 15 Uhr wird die Ausstellung mit einer Vernissage er\u00f6ffnet.<\/strong><\/p>\n\n\n\n<p>Die zur Ausstellung geh\u00f6rende 80-seitige Publikation \u201eMan wird ja wohl noch sagen d\u00fcrfen \u2026\u201c erm\u00f6glicht die Auseinandersetzung mit demokratiefeindlicher und menschenverachtender Sprache anhand der Themenfelder Rassismus, Antisemitismus und Antiziganismus in Geschichte und Gegenwart. Die enthaltenen Arbeitsb\u00f6gen mit historischem und aktuellem Bezug bieten eine Vielzahl multiperspektivischer Quellen.<\/p>\n\n\n\n<p>Die dazu geh\u00f6renden Arbeitsb\u00f6gen sind geeignet f\u00fcr Jugendliche ab 15 Jahren, in den F\u00e4cher Deutsch, Geschichte, Gemeinschaftskunde und Ethik einsetzbar und enthalten Aufgabenstellungen in zwei verschiedenen Niveaustufen zur Auswahl. Die Bearbeitungszeit der Arbeitsb\u00f6genbetr\u00e4gt 45 bzw. 90 Minuten<\/p>\n\n\n\n<p><strong>\u00d6ffnungszeiten: <\/strong><br><strong>sonntags 15-17 Uhr und nach Vereinbarung<\/strong><br><strong>Ort: <br>Dokumentationszentrum der KZ-Gedenkst\u00e4tte Hailfingen\/Tailfingen (im alten Rathaus)<br>Hauptstr. 39, 71126 G\u00e4ufelden-Tailfingen<\/strong><\/p>\n","protected":false},"excerpt":{"rendered":"<p>Vor kurzem hat die Gemeinde G\u00e4ufelden der KZ-Gedenkst\u00e4tte den Raum im Rathaus Tailfingen zur Verf\u00fcgung gestellt, in dem die Ortsb\u00fccherei G\u00e4ufelden, Zweigstelle Tailfingen, untergebracht war. Dieser Raum soll f\u00fcr Wechselausstellungen gen\u00fctzt werden. Den Anfang macht die vom Dokumentationszentrum Oberer Kuhberg Ulm erarbeitete Wanderausstellung \u201e\u201aMan wird ja wohl noch sagen d\u00fcrfen \u2026\u2018: Zum Umgang mit demokratiefeindlicher [&hellip;]<\/p>\n","protected":false},"author":1,"featured_media":2537,"comment_status":"open","ping_status":"open","sticky":false,"template":"","format":"standard","meta":[],"categories":[14,5],"tags":[],"_links":{"self":[{"href":"https:\/\/kz-gedenkstaette-hailfingen-tailfingen.de\/index.php\/wp-json\/wp\/v2\/posts\/2447"}],"collection":[{"href":"https:\/\/kz-gedenkstaette-hailfingen-tailfingen.de\/index.php\/wp-json\/wp\/v2\/posts"}],"about":[{"href":"https:\/\/kz-gedenkstaette-hailfingen-tailfingen.de\/index.php\/wp-json\/wp\/v2\/types\/post"}],"author":[{"embeddable":true,"href":"https:\/\/kz-gedenkstaette-hailfingen-tailfingen.de\/index.php\/wp-json\/wp\/v2\/users\/1"}],"replies":[{"embeddable":true,"href":"https:\/\/kz-gedenkstaette-hailfingen-tailfingen.de\/index.php\/wp-json\/wp\/v2\/comments?post=2447"}],"version-history":[{"count":13,"href":"https:\/\/kz-gedenkstaette-hailfingen-tailfingen.de\/index.php\/wp-json\/wp\/v2\/posts\/2447\/revisions"}],"predecessor-version":[{"id":2602,"href":"https:\/\/kz-gedenkstaette-hailfingen-tailfingen.de\/index.php\/wp-json\/wp\/v2\/posts\/2447\/revisions\/2602"}],"wp:featuredmedia":[{"embeddable":true,"href":"https:\/\/kz-gedenkstaette-hailfingen-tailfingen.de\/index.php\/wp-json\/wp\/v2\/media\/2537"}],"wp:attachment":[{"href":"https:\/\/kz-gedenkstaette-hailfingen-tailfingen.de\/index.php\/wp-json\/wp\/v2\/media?parent=2447"}],"wp:term":[{"taxonomy":"category","embeddable":true,"href":"https:\/\/kz-gedenkstaette-hailfingen-tailfingen.de\/index.php\/wp-json\/wp\/v2\/categories?post=2447"},{"taxonomy":"post_tag","embeddable":true,"href":"https:\/\/kz-gedenkstaette-hailfingen-tailfingen.de\/index.php\/wp-json\/wp\/v2\/tags?post=2447"}],"curies":[{"name":"wp","href":"https:\/\/api.w.org\/{rel}","templated":true}]}}