{"id":2155,"date":"2024-03-15T14:48:30","date_gmt":"2024-03-15T14:48:30","guid":{"rendered":"https:\/\/kz-gedenkstaette-hailfingen-tailfingen.de\/?p=2155"},"modified":"2024-03-22T16:42:03","modified_gmt":"2024-03-22T16:42:03","slug":"21-3-der-dachdecker-von-birkenau-filmvorfuehrung-mit-qa","status":"publish","type":"post","link":"https:\/\/kz-gedenkstaette-hailfingen-tailfingen.de\/index.php\/2024\/03\/15\/21-3-der-dachdecker-von-birkenau-filmvorfuehrung-mit-qa\/","title":{"rendered":"21.3. Der Dachdecker von Birkenau \u2013 Filmvorf\u00fchrung mit Q&#038;A"},"content":{"rendered":"\n<div class=\"wp-block-image\"><figure class=\"aligncenter size-large\"><img loading=\"lazy\" width=\"1024\" height=\"924\" src=\"https:\/\/kz-gedenkstaette-hailfingen-tailfingen.de\/wp-content\/uploads\/2024\/03\/Plakatmotiv-1080-1024x924.jpg\" alt=\"\" class=\"wp-image-2156\" srcset=\"https:\/\/kz-gedenkstaette-hailfingen-tailfingen.de\/wp-content\/uploads\/2024\/03\/Plakatmotiv-1080-1024x924.jpg 1024w, https:\/\/kz-gedenkstaette-hailfingen-tailfingen.de\/wp-content\/uploads\/2024\/03\/Plakatmotiv-1080-300x271.jpg 300w, https:\/\/kz-gedenkstaette-hailfingen-tailfingen.de\/wp-content\/uploads\/2024\/03\/Plakatmotiv-1080-768x693.jpg 768w, https:\/\/kz-gedenkstaette-hailfingen-tailfingen.de\/wp-content\/uploads\/2024\/03\/Plakatmotiv-1080.jpg 1197w\" sizes=\"(max-width: 1024px) 100vw, 1024px\" \/><\/figure><\/div>\n\n\n\n<p>\u201eAn das Gute erinnert man sich gerne\u201c, sagt Mordechai Ciechanower, \u201edoch ich vergesse auch nicht das Schlechte.\u201c Wie auch sollte er die Ermordung seiner Mutter und seiner beiden Schwestern vergessen, die ihm in dem Lager genommen wurden, das sp\u00e4ter zum Symbol f\u00fcr den nationalsozialistischen Massenmord wurde? Er selbst \u00fcberlebte das Konzentrations- und Vernichtungslager Auschwitz-Birkenau im Dachdeckerkommando.<br>Mordechai Ciechanower, der mit seiner Familie in Israel lebt, stammt aus dem polnischen St\u00e4dtchen Mak\u00f3w Mazowiecki. Er hat sich vorgenommen, seine Erinnerungen weiterzugeben, so lange er atmen kann und l\u00f6st damit nicht zuletzt ein Versprechen ein, das er jenen gab, die nicht \u00fcberleben durften.<br>In Johannes Kuhns Dokumentarfilm \u201eDer Dachdecker von Birkenau\u201c sucht der 89-j\u00e4hrige Zeitzeuge auch alle weiteren Konzentrationslager auf, in die er nach anderthalb Jahren Auschwitz verschleppt wurde: Stutthof, Hailfingen\/Tailfingen, Dautmergen und das ber\u00fcchtigte Lager Bergen-Belsen. Am Ort des DP-Lagers Feldafing schlie\u00dflich wird eine sch\u00f6ne Erinnerung wach: die \u00fcberraschende Begegnung mit seinem totgeglaubten Vater wenige Wochen nach der Befreiung.<br>An jeder der Stationen kommt der engagierte Protagonist mit Menschen vor Ort ins Gespr\u00e4ch und beweist, dass Hass dem einst Gehassten fremd ist. Mordechai Ciechanower beeindruckt durch eindringliche Schilderungen, seine Musikalit\u00e4t und \u2013 trotz allem, was er in seiner Jugend durchmachen musste \u2013 durch Optimismus und einen einzigartigen Humor.<\/p>\n\n\n\n<p>Anl\u00e4sslich des 100. Geburtstags von Mordechai Ciechanower, den er am 27.2. im Kreis seiner Familie in Israel feierte, wird der Film 10 Jahre nach seiner Premiere ein weiteres Mal gezeigt. Der Regisseur Johannes Kuhn wird im Anschluss f\u00fcr Fragen zur Verf\u00fcgung stehen. Gespannt sein d\u00fcrfen wir auch auf ein aktuell aufgenommenes Gru\u00dfwort des Protagonisten.<\/p>\n\n\n\n<p><strong>Ort: Kino im Waldhorn, K\u00f6nigstra\u00dfe 12, 72108 Rottenburg<br>Zeit: 21.3.2024, 20 Uhr<br>Eintritt: 10 \u20ac\/8 \u20ac erm\u00e4\u00dfigt<\/strong><br><a href=\"https:\/\/www.kinowaldhorn.de\/index.php\/component\/sppagebuilder\/page\/383\">Tickets und weitere Infos<\/a> auf der Homepage des Kinos<br><em>Die Einnahmen des Kino im Waldhorn werden der Gedenkst\u00e4tte Hailfingen-Tailfingen e.V. gespendet.<\/em><br><strong><a href=\"https:\/\/youtu.be\/z9ni_qhbypw?si=QobFAQ-19Kc_y6c9\">Trailer<\/a><\/strong><br><br><strong>OmdU<\/strong><br><strong>Laufzeit: 105 min<\/strong><br><strong>FSK ab 6<\/strong><br><br>Veranstalter:<br>KZ-Gedenkst\u00e4tte Hailfingen\/Tailfingen e.V.<br>Kino im Waldhorn<\/p>\n","protected":false},"excerpt":{"rendered":"<p>\u201eAn das Gute erinnert man sich gerne\u201c, sagt Mordechai Ciechanower, \u201edoch ich vergesse auch nicht das Schlechte.\u201c Wie auch sollte er die Ermordung seiner Mutter und seiner beiden Schwestern vergessen, die ihm in dem Lager genommen wurden, das sp\u00e4ter zum Symbol f\u00fcr den nationalsozialistischen Massenmord wurde? Er selbst \u00fcberlebte das Konzentrations- und Vernichtungslager Auschwitz-Birkenau im [&hellip;]<\/p>\n","protected":false},"author":1,"featured_media":2157,"comment_status":"open","ping_status":"open","sticky":false,"template":"","format":"standard","meta":[],"categories":[14,5],"tags":[],"_links":{"self":[{"href":"https:\/\/kz-gedenkstaette-hailfingen-tailfingen.de\/index.php\/wp-json\/wp\/v2\/posts\/2155"}],"collection":[{"href":"https:\/\/kz-gedenkstaette-hailfingen-tailfingen.de\/index.php\/wp-json\/wp\/v2\/posts"}],"about":[{"href":"https:\/\/kz-gedenkstaette-hailfingen-tailfingen.de\/index.php\/wp-json\/wp\/v2\/types\/post"}],"author":[{"embeddable":true,"href":"https:\/\/kz-gedenkstaette-hailfingen-tailfingen.de\/index.php\/wp-json\/wp\/v2\/users\/1"}],"replies":[{"embeddable":true,"href":"https:\/\/kz-gedenkstaette-hailfingen-tailfingen.de\/index.php\/wp-json\/wp\/v2\/comments?post=2155"}],"version-history":[{"count":4,"href":"https:\/\/kz-gedenkstaette-hailfingen-tailfingen.de\/index.php\/wp-json\/wp\/v2\/posts\/2155\/revisions"}],"predecessor-version":[{"id":2162,"href":"https:\/\/kz-gedenkstaette-hailfingen-tailfingen.de\/index.php\/wp-json\/wp\/v2\/posts\/2155\/revisions\/2162"}],"wp:featuredmedia":[{"embeddable":true,"href":"https:\/\/kz-gedenkstaette-hailfingen-tailfingen.de\/index.php\/wp-json\/wp\/v2\/media\/2157"}],"wp:attachment":[{"href":"https:\/\/kz-gedenkstaette-hailfingen-tailfingen.de\/index.php\/wp-json\/wp\/v2\/media?parent=2155"}],"wp:term":[{"taxonomy":"category","embeddable":true,"href":"https:\/\/kz-gedenkstaette-hailfingen-tailfingen.de\/index.php\/wp-json\/wp\/v2\/categories?post=2155"},{"taxonomy":"post_tag","embeddable":true,"href":"https:\/\/kz-gedenkstaette-hailfingen-tailfingen.de\/index.php\/wp-json\/wp\/v2\/tags?post=2155"}],"curies":[{"name":"wp","href":"https:\/\/api.w.org\/{rel}","templated":true}]}}