{"id":2129,"date":"2024-01-08T13:17:32","date_gmt":"2024-01-08T13:17:32","guid":{"rendered":"https:\/\/kz-gedenkstaette-hailfingen-tailfingen.de\/?p=2129"},"modified":"2024-02-08T11:18:06","modified_gmt":"2024-02-08T11:18:06","slug":"4-2-allein-gegen-hitler-lesung-und-gespraech-mit-wolfgang-benz","status":"publish","type":"post","link":"https:\/\/kz-gedenkstaette-hailfingen-tailfingen.de\/index.php\/2024\/01\/08\/4-2-allein-gegen-hitler-lesung-und-gespraech-mit-wolfgang-benz\/","title":{"rendered":"4.2. Allein gegen Hitler \u2013 Lesung und Gespr\u00e4ch mit Wolfgang Benz"},"content":{"rendered":"\n<div class=\"wp-block-image\"><figure class=\"aligncenter size-large\"><img loading=\"lazy\" width=\"622\" height=\"800\" src=\"https:\/\/kz-gedenkstaette-hailfingen-tailfingen.de\/wp-content\/uploads\/2024\/01\/Wolfgang_Benz_2022_wiki_mozamaniac_mittel.jpg\" alt=\"\" class=\"wp-image-2130\" srcset=\"https:\/\/kz-gedenkstaette-hailfingen-tailfingen.de\/wp-content\/uploads\/2024\/01\/Wolfgang_Benz_2022_wiki_mozamaniac_mittel.jpg 622w, https:\/\/kz-gedenkstaette-hailfingen-tailfingen.de\/wp-content\/uploads\/2024\/01\/Wolfgang_Benz_2022_wiki_mozamaniac_mittel-233x300.jpg 233w\" sizes=\"(max-width: 622px) 100vw, 622px\" \/><figcaption><font color=\"black\">Dr. Wolfgang Benz \u2013 Quelle: <\/font><a href=\"https:\/\/de.wikipedia.org\/wiki\/Wolfgang_Benz#\/media\/Datei:Wolfgang_Benz_(2022).jpg\">Wikipedia, mozamaniac<\/a><\/figcaption><\/figure><\/div>\n\n\n\n<p>Wir laden ein zur Vorstellung des neuen Buchs <strong>\u201e<\/strong>Allein gegen Hitler \u2013 Leben und Tat des Johann Georg Elser<strong>\u201c<\/strong> von und mit Prof. Dr. Wolfgang Benz in der Spitalkirche Herrenberg. <\/p>\n\n\n\n<p>Am 8. November 1939 explodierte im M\u00fcnchner B\u00fcrgerbr\u00e4ukeller eine Bombe. Eigentlich h\u00e4tte sie Adolf Hitler t\u00f6ten sollen, w\u00e4hrend er gerade eine Rede hielt. Wenn dieser Plan aufgegangen w\u00e4re, h\u00e4tten der Zweite Weltkrieg und mit ihm die Weltgeschichte einen v\u00f6llig anderen Verlauf genommen. Doch der <strong>\u201e<\/strong>F\u00fchrer<strong>\u201c<\/strong> verlie\u00df vorzeitig den Saal und kam mit dem Leben davon. Das Buch von Prof. Dr. Wolfgang Benzerz\u00e4hlt die Geschichte des Mannes, der die Tat ganz allein plante und ausf\u00fchrte: Johann Georg Elser.<\/p>\n\n\n\n<p>Der Autor Prof. Dr. Wolfgang Benz war bis 2010 Leiter des Zentrums f\u00fcr&nbsp;Antisemitismusforschung der TU Berlin.<\/p>\n\n\n\n<p>2007 hat Wolfgang Benz zusammen mit der Sektion B\u00f6blingen-Herrenberg-T\u00fcbingen von <em>Gegen Vergessen \u2013 F\u00fcr Demokratie<\/em> und (dem Autor) Mordechai Ciechanower in Berlin das Buch <em>Der Dachdecker von Auschwitz-Birkenau<\/em> vorgestellt, das er als Band 17 in seiner Bibliothek der Erinnerung herausgegeben hatte.<\/p>\n\n\n\n<p><strong>Termin<\/strong>: Sonntag, 04.02.2024 18.00 Uhr<br><strong>Ort<\/strong>: Spitalkirche, Herrenberg<br><strong>Geb\u00fchr<\/strong>: Spende<\/p>\n\n\n\n<p>Veranstalter:<br>Evangelische Erwachsenenbildung Herrenberg<br>Gegen Vergessen \u2013 F\u00fcr Demokratie e.V. \/ Landesarbeitsgemeinschaft Baden-W\u00fcrttemberg<br>KZ-Gedenkst\u00e4tte Hailfingen\/Tailfingen<br>Buchhandlung Sch\u00e4ufele<\/p>\n","protected":false},"excerpt":{"rendered":"<p>Wir laden ein zur Vorstellung des neuen Buchs \u201eAllein gegen Hitler \u2013 Leben und Tat des Johann Georg Elser\u201c von und mit Prof. Dr. Wolfgang Benz in der Spitalkirche Herrenberg. Am 8. November 1939 explodierte im M\u00fcnchner B\u00fcrgerbr\u00e4ukeller eine Bombe. Eigentlich h\u00e4tte sie Adolf Hitler t\u00f6ten sollen, w\u00e4hrend er gerade eine Rede hielt. Wenn dieser [&hellip;]<\/p>\n","protected":false},"author":1,"featured_media":2131,"comment_status":"open","ping_status":"open","sticky":false,"template":"","format":"standard","meta":[],"categories":[14,5],"tags":[],"_links":{"self":[{"href":"https:\/\/kz-gedenkstaette-hailfingen-tailfingen.de\/index.php\/wp-json\/wp\/v2\/posts\/2129"}],"collection":[{"href":"https:\/\/kz-gedenkstaette-hailfingen-tailfingen.de\/index.php\/wp-json\/wp\/v2\/posts"}],"about":[{"href":"https:\/\/kz-gedenkstaette-hailfingen-tailfingen.de\/index.php\/wp-json\/wp\/v2\/types\/post"}],"author":[{"embeddable":true,"href":"https:\/\/kz-gedenkstaette-hailfingen-tailfingen.de\/index.php\/wp-json\/wp\/v2\/users\/1"}],"replies":[{"embeddable":true,"href":"https:\/\/kz-gedenkstaette-hailfingen-tailfingen.de\/index.php\/wp-json\/wp\/v2\/comments?post=2129"}],"version-history":[{"count":2,"href":"https:\/\/kz-gedenkstaette-hailfingen-tailfingen.de\/index.php\/wp-json\/wp\/v2\/posts\/2129\/revisions"}],"predecessor-version":[{"id":2133,"href":"https:\/\/kz-gedenkstaette-hailfingen-tailfingen.de\/index.php\/wp-json\/wp\/v2\/posts\/2129\/revisions\/2133"}],"wp:featuredmedia":[{"embeddable":true,"href":"https:\/\/kz-gedenkstaette-hailfingen-tailfingen.de\/index.php\/wp-json\/wp\/v2\/media\/2131"}],"wp:attachment":[{"href":"https:\/\/kz-gedenkstaette-hailfingen-tailfingen.de\/index.php\/wp-json\/wp\/v2\/media?parent=2129"}],"wp:term":[{"taxonomy":"category","embeddable":true,"href":"https:\/\/kz-gedenkstaette-hailfingen-tailfingen.de\/index.php\/wp-json\/wp\/v2\/categories?post=2129"},{"taxonomy":"post_tag","embeddable":true,"href":"https:\/\/kz-gedenkstaette-hailfingen-tailfingen.de\/index.php\/wp-json\/wp\/v2\/tags?post=2129"}],"curies":[{"name":"wp","href":"https:\/\/api.w.org\/{rel}","templated":true}]}}