{"id":2121,"date":"2024-01-05T17:59:17","date_gmt":"2024-01-05T17:59:17","guid":{"rendered":"https:\/\/kz-gedenkstaette-hailfingen-tailfingen.de\/?p=2121"},"modified":"2024-02-24T17:05:00","modified_gmt":"2024-02-24T17:05:00","slug":"27-1-gedenkgottesdienst","status":"publish","type":"post","link":"https:\/\/kz-gedenkstaette-hailfingen-tailfingen.de\/index.php\/2024\/01\/05\/27-1-gedenkgottesdienst\/","title":{"rendered":"27.1. Gedenkgottesdienst"},"content":{"rendered":"\n<div class=\"wp-block-image\"><figure class=\"aligncenter size-large\"><img loading=\"lazy\" width=\"352\" height=\"500\" src=\"https:\/\/kz-gedenkstaette-hailfingen-tailfingen.de\/wp-content\/uploads\/2024\/01\/2024-01-27-Tailfingen.jpg\" alt=\"\" class=\"wp-image-2122\" srcset=\"https:\/\/kz-gedenkstaette-hailfingen-tailfingen.de\/wp-content\/uploads\/2024\/01\/2024-01-27-Tailfingen.jpg 352w, https:\/\/kz-gedenkstaette-hailfingen-tailfingen.de\/wp-content\/uploads\/2024\/01\/2024-01-27-Tailfingen-211x300.jpg 211w\" sizes=\"(max-width: 352px) 100vw, 352px\" \/><\/figure><\/div>\n\n\n\n<p>Am Tag des Gedenkens an die Opfer des Nationalsozialismus findet um 19 Uhr in der evangelischen Kirche Tailfingen ein Gedenkgottesdienst statt. Wie auch in den letzten Jahren wird der Gottesdienst gemeinsam von der evangelischen Kirchengemeinde Tailfingen, der katholischen Kirchengemeinde Jettingen-G\u00e4ufelden-Bondorf und dem Verein KZ-Gedenkst\u00e4tte Haifingen\/Tailfingen veranstaltet. Anna Pajdakovic, Harald Roth und Benjamin Merkt werden Zitate von \u00fcberlebenden H\u00e4ftlingen vortragen und ihnen damit eine Stimme geben; die musikalische Gestaltung \u00fcbernehmen Volker Mall und Adelheid Mehnert-Mall.<\/p>\n\n\n\n<p>27.1.2024 (Samstag), 19 Uhr<br>Evangelische Kirche G\u00e4ufelden-Tailfingen<\/p>\n\n\n\n<div class=\"wp-block-file\"><a href=\"https:\/\/kz-gedenkstaette-hailfingen-tailfingen.de\/wp-content\/uploads\/2024\/01\/Tailfingen.2docx.pdf\">Obiges Plakat zum Download (PDF)<\/a><a href=\"https:\/\/kz-gedenkstaette-hailfingen-tailfingen.de\/wp-content\/uploads\/2024\/01\/Tailfingen.2docx.pdf\" class=\"wp-block-file__button\" download>Herunterladen<\/a><\/div>\n","protected":false},"excerpt":{"rendered":"<p>Am Tag des Gedenkens an die Opfer des Nationalsozialismus findet um 19 Uhr in der evangelischen Kirche Tailfingen ein Gedenkgottesdienst statt. Wie auch in den letzten Jahren wird der Gottesdienst gemeinsam von der evangelischen Kirchengemeinde Tailfingen, der katholischen Kirchengemeinde Jettingen-G\u00e4ufelden-Bondorf und dem Verein KZ-Gedenkst\u00e4tte Haifingen\/Tailfingen veranstaltet. Anna Pajdakovic, Harald Roth und Benjamin Merkt werden Zitate [&hellip;]<\/p>\n","protected":false},"author":1,"featured_media":2125,"comment_status":"open","ping_status":"open","sticky":false,"template":"","format":"standard","meta":[],"categories":[14,5],"tags":[],"_links":{"self":[{"href":"https:\/\/kz-gedenkstaette-hailfingen-tailfingen.de\/index.php\/wp-json\/wp\/v2\/posts\/2121"}],"collection":[{"href":"https:\/\/kz-gedenkstaette-hailfingen-tailfingen.de\/index.php\/wp-json\/wp\/v2\/posts"}],"about":[{"href":"https:\/\/kz-gedenkstaette-hailfingen-tailfingen.de\/index.php\/wp-json\/wp\/v2\/types\/post"}],"author":[{"embeddable":true,"href":"https:\/\/kz-gedenkstaette-hailfingen-tailfingen.de\/index.php\/wp-json\/wp\/v2\/users\/1"}],"replies":[{"embeddable":true,"href":"https:\/\/kz-gedenkstaette-hailfingen-tailfingen.de\/index.php\/wp-json\/wp\/v2\/comments?post=2121"}],"version-history":[{"count":2,"href":"https:\/\/kz-gedenkstaette-hailfingen-tailfingen.de\/index.php\/wp-json\/wp\/v2\/posts\/2121\/revisions"}],"predecessor-version":[{"id":2127,"href":"https:\/\/kz-gedenkstaette-hailfingen-tailfingen.de\/index.php\/wp-json\/wp\/v2\/posts\/2121\/revisions\/2127"}],"wp:featuredmedia":[{"embeddable":true,"href":"https:\/\/kz-gedenkstaette-hailfingen-tailfingen.de\/index.php\/wp-json\/wp\/v2\/media\/2125"}],"wp:attachment":[{"href":"https:\/\/kz-gedenkstaette-hailfingen-tailfingen.de\/index.php\/wp-json\/wp\/v2\/media?parent=2121"}],"wp:term":[{"taxonomy":"category","embeddable":true,"href":"https:\/\/kz-gedenkstaette-hailfingen-tailfingen.de\/index.php\/wp-json\/wp\/v2\/categories?post=2121"},{"taxonomy":"post_tag","embeddable":true,"href":"https:\/\/kz-gedenkstaette-hailfingen-tailfingen.de\/index.php\/wp-json\/wp\/v2\/tags?post=2121"}],"curies":[{"name":"wp","href":"https:\/\/api.w.org\/{rel}","templated":true}]}}