{"id":1871,"date":"2023-01-16T15:37:08","date_gmt":"2023-01-16T15:37:08","guid":{"rendered":"https:\/\/kz-gedenkstaette-hailfingen-tailfingen.de\/?p=1871"},"modified":"2023-01-30T20:43:33","modified_gmt":"2023-01-30T20:43:33","slug":"27-1-gedenkgottesdienst-in-der-ev-kirche-tailfingen","status":"publish","type":"post","link":"https:\/\/kz-gedenkstaette-hailfingen-tailfingen.de\/index.php\/2023\/01\/16\/27-1-gedenkgottesdienst-in-der-ev-kirche-tailfingen\/","title":{"rendered":"27.1. Gedenkgottesdienst in der ev. Kirche Tailfingen"},"content":{"rendered":"\n<p>2010 fand am 9. November, dem Jahrestag der Reichspogromnacht (Kristallnacht), in der evangelischen Kirche in Tailfingen zum ersten Mal ein \u00f6kumenischer Gedenkgottesdienst statt. In diesem Gottesdienst sollte an die auf dem Tailfinger Friedhof beerdigten j\u00fcdischen H\u00e4ftlinge erinnert werden. <\/p>\n\n\n\n<p>In den Lagern auf dem Milit\u00e4rflugplatz Hailfingen\/Tailfingen waren in den letzten Kriegsjahren etwa 2000 Menschen zur Zwangsarbeit gezwungen, unter ihnen 600 j\u00fcdische KZ-H\u00e4ftlinge. Von ihnen starben 189. 75 von ihnen wurden auf dem Tailfinger Friedhof beerdigt. Am Ende der Gottesdienste gingen die Besucher, unter ihnen die Konfirmanden, zum Gedenken an das Gruppengrab im Tailfinger Friedhof, zuletzt am 9.11.2021.<\/p>\n\n\n\n<p>Da nur wenige der auf dem Friedhof beigesetzten Hailfinger H\u00e4ftlinge \u2013 sogenannte \u201eReichsdeutsche\u201c \u2013 von der Reichspogromnacht betroffen waren, wurde inzwischen beschlossen, die Veranstaltung auf den 27. Januar zu verlegen. Der <strong>Tag des Gedenkens an die Opfer des Nationalsozialismus<\/strong> am 27. Januar ist in Deutschland seit 1996 ein bundesweiter, gesetzlich verankerter Gedenktag. Er ist als Jahrestag bezogen auf den 27. Januar 1945, den Tag der Befreiung des Vernichtungslagers Auschwitz-Birkenau und der beiden anderen Konzentrationslager Auschwitz durch die Rote Armee. Von den Vereinten Nationen wurde der 27. Januar im Jahr 2005 zum Internationalen Tag des Gedenkens an die Opfer des Holocaust erkl\u00e4rt.<\/p>\n\n\n\n<p>Es starben in Hailfingen au\u00dferdem drei griechische Zwangsarbeiter, ein italienischer Zwangsarbeiter, ein russischer Kriegsgefangener, begraben in Hailfingen, und ein indischer Kriegsgefangener der Royal Army, begraben in Tailfingen. Auch an sie soll in diesem von Gemeindereferentin Simone Trapp und Pfarrer Rainer Holweger gestalteten Gottesdienst erinnert werden.<\/p>\n\n\n\n<p>Gezeigt wird eine Bildmeditation zum Thema Lager Tailfingen von Wolfgang Schmidt. Die 15-min\u00fctige Fotostrecke wurde vertont von Volker Mall.<br>Die musikalische Gestaltung des Gottesdienstes \u00fcbernehmen Adelheid Mehnert-Mall, Orgel, und Volker Mall, Gesang.<\/p>\n\n\n\n<p>Ort: Evangelische Kirche G\u00e4ufelden-Tailfingen<br>Uhrzeit: 19 Uhr<\/p>\n\n\n\n<p>Veranstalter: Evangelische Kirchengemeinde Tailfingen, katholische Kirchengemeinde Jettingen-G\u00e4ufelden-Bondorf, KZ-Gedenkst\u00e4tte Hailfingen\/Tailfingen e. V., Gegen Vergessen \u2013 F\u00fcr Demokratie e. V. (Sektion B\u00f6blingen-Herrenberg-T\u00fcbingen).<\/p>\n\n\n\n<div class=\"wp-block-file\"><a href=\"https:\/\/kz-gedenkstaette-hailfingen-tailfingen.de\/wp-content\/uploads\/2023\/01\/Gedenkgottesdienst-am-27.1.2023.pdf\">Pressemitteilung (PDF)<\/a><a href=\"https:\/\/kz-gedenkstaette-hailfingen-tailfingen.de\/wp-content\/uploads\/2023\/01\/Gedenkgottesdienst-am-27.1.2023.pdf\" class=\"wp-block-file__button\" download>Herunterladen<\/a><\/div>\n","protected":false},"excerpt":{"rendered":"<p>2010 fand am 9. November, dem Jahrestag der Reichspogromnacht (Kristallnacht), in der evangelischen Kirche in Tailfingen zum ersten Mal ein \u00f6kumenischer Gedenkgottesdienst statt. In diesem Gottesdienst sollte an die auf dem Tailfinger Friedhof beerdigten j\u00fcdischen H\u00e4ftlinge erinnert werden. In den Lagern auf dem Milit\u00e4rflugplatz Hailfingen\/Tailfingen waren in den letzten Kriegsjahren etwa 2000 Menschen zur Zwangsarbeit [&hellip;]<\/p>\n","protected":false},"author":1,"featured_media":0,"comment_status":"open","ping_status":"open","sticky":false,"template":"","format":"standard","meta":[],"categories":[14,5],"tags":[],"_links":{"self":[{"href":"https:\/\/kz-gedenkstaette-hailfingen-tailfingen.de\/index.php\/wp-json\/wp\/v2\/posts\/1871"}],"collection":[{"href":"https:\/\/kz-gedenkstaette-hailfingen-tailfingen.de\/index.php\/wp-json\/wp\/v2\/posts"}],"about":[{"href":"https:\/\/kz-gedenkstaette-hailfingen-tailfingen.de\/index.php\/wp-json\/wp\/v2\/types\/post"}],"author":[{"embeddable":true,"href":"https:\/\/kz-gedenkstaette-hailfingen-tailfingen.de\/index.php\/wp-json\/wp\/v2\/users\/1"}],"replies":[{"embeddable":true,"href":"https:\/\/kz-gedenkstaette-hailfingen-tailfingen.de\/index.php\/wp-json\/wp\/v2\/comments?post=1871"}],"version-history":[{"count":1,"href":"https:\/\/kz-gedenkstaette-hailfingen-tailfingen.de\/index.php\/wp-json\/wp\/v2\/posts\/1871\/revisions"}],"predecessor-version":[{"id":1873,"href":"https:\/\/kz-gedenkstaette-hailfingen-tailfingen.de\/index.php\/wp-json\/wp\/v2\/posts\/1871\/revisions\/1873"}],"wp:attachment":[{"href":"https:\/\/kz-gedenkstaette-hailfingen-tailfingen.de\/index.php\/wp-json\/wp\/v2\/media?parent=1871"}],"wp:term":[{"taxonomy":"category","embeddable":true,"href":"https:\/\/kz-gedenkstaette-hailfingen-tailfingen.de\/index.php\/wp-json\/wp\/v2\/categories?post=1871"},{"taxonomy":"post_tag","embeddable":true,"href":"https:\/\/kz-gedenkstaette-hailfingen-tailfingen.de\/index.php\/wp-json\/wp\/v2\/tags?post=1871"}],"curies":[{"name":"wp","href":"https:\/\/api.w.org\/{rel}","templated":true}]}}