{"id":1822,"date":"2022-12-07T15:45:06","date_gmt":"2022-12-07T15:45:06","guid":{"rendered":"https:\/\/kz-gedenkstaette-hailfingen-tailfingen.de\/?p=1822"},"modified":"2023-01-16T15:39:54","modified_gmt":"2023-01-16T15:39:54","slug":"9-12-einweihung-erinnerungspfaehle","status":"publish","type":"post","link":"https:\/\/kz-gedenkstaette-hailfingen-tailfingen.de\/index.php\/2022\/12\/07\/9-12-einweihung-erinnerungspfaehle\/","title":{"rendered":"9.12. Einweihung der Erinnerungspf\u00e4hle an der GMS G\u00e4ufelden"},"content":{"rendered":"\n<div class=\"wp-block-image\"><figure class=\"aligncenter size-large\"><img loading=\"lazy\" width=\"1024\" height=\"576\" src=\"https:\/\/kz-gedenkstaette-hailfingen-tailfingen.de\/wp-content\/uploads\/2022\/12\/Flyer-Foto-1200x675-1-1024x576.jpg\" alt=\"\" class=\"wp-image-1836\" srcset=\"https:\/\/kz-gedenkstaette-hailfingen-tailfingen.de\/wp-content\/uploads\/2022\/12\/Flyer-Foto-1200x675-1-1024x576.jpg 1024w, https:\/\/kz-gedenkstaette-hailfingen-tailfingen.de\/wp-content\/uploads\/2022\/12\/Flyer-Foto-1200x675-1-300x169.jpg 300w, https:\/\/kz-gedenkstaette-hailfingen-tailfingen.de\/wp-content\/uploads\/2022\/12\/Flyer-Foto-1200x675-1-768x432.jpg 768w, https:\/\/kz-gedenkstaette-hailfingen-tailfingen.de\/wp-content\/uploads\/2022\/12\/Flyer-Foto-1200x675-1.jpg 1200w\" sizes=\"(max-width: 1024px) 100vw, 1024px\" \/><figcaption><font color=\"black\">Detailaufnahme eines der Pfeiler w\u00e4hrend der Entstehungsphase<\/font><\/figcaption><\/figure><\/div>\n\n\n\n<p>Die Werke der Sch\u00fcler:innen, \u00fcber deren Entstehung <a href=\"https:\/\/kz-gedenkstaette-hailfingen-tailfingen.de\/index.php\/2022\/10\/26\/kunstprojekt-an-der-gms-gaeufelden\/\">bereits berichtet wurde<\/a>, werden am 9.12. um 12 Uhr auf dem Schulgel\u00e4nde der Gemeinschaftsschule in Nebringen eingeweiht. <br>&#8222;Jeder Mensch hat eine Stimme&#8220; war das Motte des Projekts, das an die H\u00e4ftlinge des KZ-Au\u00dfenlagers Hailfingen\/Tailfingen erinnern und ihre Individualit\u00e4t zur\u00fcckgegeben m\u00f6chte.<br>Zur Einweihung wird eine Angeh\u00f6rige des in Hailfingen ermordeten Werner Josef Minden erwartet. Auch sie wird dazu beitragen, das individuelle Schicksal hinter der abstrakten Opferzahl zu zeigen.<\/p>\n\n\n\n<div class=\"wp-block-file\"><a href=\"https:\/\/kz-gedenkstaette-hailfingen-tailfingen.de\/wp-content\/uploads\/2022\/12\/Einweihung-Kunstprojekt-Ablaufplan-22-12-09.pdf\">Flyer (mit Ablaufplan)<\/a><a href=\"https:\/\/kz-gedenkstaette-hailfingen-tailfingen.de\/wp-content\/uploads\/2022\/12\/Einweihung-Kunstprojekt-Ablaufplan-22-12-09.pdf\" class=\"wp-block-file__button\" download>Herunterladen<\/a><\/div>\n","protected":false},"excerpt":{"rendered":"<p>Die Werke der Sch\u00fcler:innen, \u00fcber deren Entstehung bereits berichtet wurde, werden am 9.12. um 12 Uhr auf dem Schulgel\u00e4nde der Gemeinschaftsschule in Nebringen eingeweiht. &#8222;Jeder Mensch hat eine Stimme&#8220; war das Motte des Projekts, das an die H\u00e4ftlinge des KZ-Au\u00dfenlagers Hailfingen\/Tailfingen erinnern und ihre Individualit\u00e4t zur\u00fcckgegeben m\u00f6chte.Zur Einweihung wird eine Angeh\u00f6rige des in Hailfingen ermordeten [&hellip;]<\/p>\n","protected":false},"author":1,"featured_media":1834,"comment_status":"open","ping_status":"open","sticky":false,"template":"","format":"standard","meta":[],"categories":[14,6,5],"tags":[],"_links":{"self":[{"href":"https:\/\/kz-gedenkstaette-hailfingen-tailfingen.de\/index.php\/wp-json\/wp\/v2\/posts\/1822"}],"collection":[{"href":"https:\/\/kz-gedenkstaette-hailfingen-tailfingen.de\/index.php\/wp-json\/wp\/v2\/posts"}],"about":[{"href":"https:\/\/kz-gedenkstaette-hailfingen-tailfingen.de\/index.php\/wp-json\/wp\/v2\/types\/post"}],"author":[{"embeddable":true,"href":"https:\/\/kz-gedenkstaette-hailfingen-tailfingen.de\/index.php\/wp-json\/wp\/v2\/users\/1"}],"replies":[{"embeddable":true,"href":"https:\/\/kz-gedenkstaette-hailfingen-tailfingen.de\/index.php\/wp-json\/wp\/v2\/comments?post=1822"}],"version-history":[{"count":8,"href":"https:\/\/kz-gedenkstaette-hailfingen-tailfingen.de\/index.php\/wp-json\/wp\/v2\/posts\/1822\/revisions"}],"predecessor-version":[{"id":1856,"href":"https:\/\/kz-gedenkstaette-hailfingen-tailfingen.de\/index.php\/wp-json\/wp\/v2\/posts\/1822\/revisions\/1856"}],"wp:featuredmedia":[{"embeddable":true,"href":"https:\/\/kz-gedenkstaette-hailfingen-tailfingen.de\/index.php\/wp-json\/wp\/v2\/media\/1834"}],"wp:attachment":[{"href":"https:\/\/kz-gedenkstaette-hailfingen-tailfingen.de\/index.php\/wp-json\/wp\/v2\/media?parent=1822"}],"wp:term":[{"taxonomy":"category","embeddable":true,"href":"https:\/\/kz-gedenkstaette-hailfingen-tailfingen.de\/index.php\/wp-json\/wp\/v2\/categories?post=1822"},{"taxonomy":"post_tag","embeddable":true,"href":"https:\/\/kz-gedenkstaette-hailfingen-tailfingen.de\/index.php\/wp-json\/wp\/v2\/tags?post=1822"}],"curies":[{"name":"wp","href":"https:\/\/api.w.org\/{rel}","templated":true}]}}