{"id":1747,"date":"2022-10-08T15:16:52","date_gmt":"2022-10-08T15:16:52","guid":{"rendered":"https:\/\/kz-gedenkstaette-hailfingen-tailfingen.de\/?p=1747"},"modified":"2022-12-07T14:09:38","modified_gmt":"2022-12-07T14:09:38","slug":"4-12-daniel-kahn-konzert-im-mauerwerk","status":"publish","type":"post","link":"https:\/\/kz-gedenkstaette-hailfingen-tailfingen.de\/index.php\/2022\/10\/08\/4-12-daniel-kahn-konzert-im-mauerwerk\/","title":{"rendered":"4.12. Daniel Kahn \u201eWord Beggar\u201c \u2013 Konzert im Mauerwerk"},"content":{"rendered":"\n<p>In Kooperation mit der KZ Gedenkst\u00e4tte Hailfingen\/Tailfingen und Jazzin\u00b4 Herrenberg kommt Daniel Kahn nach Herrenberg. <\/p>\n\n\n\n<figure class=\"wp-block-image size-large\"><img loading=\"lazy\" width=\"800\" height=\"545\" src=\"https:\/\/kz-gedenkstaette-hailfingen-tailfingen.de\/wp-content\/uploads\/2022\/10\/Daniel-Kahn-m-1.jpg\" alt=\"\" class=\"wp-image-1768\" srcset=\"https:\/\/kz-gedenkstaette-hailfingen-tailfingen.de\/wp-content\/uploads\/2022\/10\/Daniel-Kahn-m-1.jpg 800w, https:\/\/kz-gedenkstaette-hailfingen-tailfingen.de\/wp-content\/uploads\/2022\/10\/Daniel-Kahn-m-1-300x204.jpg 300w, https:\/\/kz-gedenkstaette-hailfingen-tailfingen.de\/wp-content\/uploads\/2022\/10\/Daniel-Kahn-m-1-768x523.jpg 768w\" sizes=\"(max-width: 800px) 100vw, 800px\" \/><figcaption><font color=\"black\">Daniel Kahn<\/font><\/figcaption><\/figure>\n\n\n\n<p>Auch wenn Daniel Kahn schon viele Alben ver\u00f6ffentlicht hat, ob unter seinem eigenen Namen oder mit der Band \u201eThe Painted Bird\u201c,&nbsp;<em>word beggar<\/em>&nbsp;ist das erste Album, das er komplett alleine eingespielt hat.<br>Musikalisch bewegt es sich zwischen Folk, Jazz und Klezmer. Es besteht aus Adaptionen und Vertonungen von Liedern und Texten von Georges Brassens, Kadye Molodovsky, Mordechai Gebirtig, Kurt Tucholsky, Beyle Schaechter-Gottesman und Aaron Zeitlin, die Kahn \u00fcber die Jahre entwickelt hat. Darunter sind auch seine jiddischen Versionen von Bob Dylan-Songs und Leonard Cohens \u201eHallelujah\u201c. Das Video zum St\u00fcck wurde schon mehr als zwei Millionen Mal gesehen. Auf dem Album wird das Lied minimal und d\u00fcster am Fl\u00fcgel gespielt.<br><br>Nachdem die Veranstaltung mit Daniel Kahn zweimal verschoben wurde, findet sie jetzt am 4.12. im Herrenberger Mauerwerk statt.<\/p>\n\n\n\n<p>So, 4.12.22<br>18:00 Uhr<br>Mauerwerk, Hindenburgstra\u00dfe 22, 71083 Herrenberg<\/p>\n\n\n\n<p>Vorverkauf: 20 \u20ac<br>Abendkasse: 24 \u20ac<br>Vorverkauf Mitglieder: 16 \u20ac<br>Abendkasse Mitglieder: 20 \u20ac<br>Vorverkauf erm\u00e4\u00dfigt: 10 \u20ac<br>Abendkasse erm\u00e4\u00dfigt: 14 \u20ac<\/p>\n\n\n\n<p>Tickets und Infos: <a href=\"https:\/\/www.mauerwerk.de\/sfe_event\/jazzin-hbg-praesentiert-gismo-graf-trio-2-2\/\">Mauerwerk Herrenberg<\/a><br>Weitere Infos: <a href=\"https:\/\/www.jazzinherrenberg.de\/events\/special-daniel-kahn\/\">Jazzin&#8216; Herrenberg<\/a><\/p>\n\n\n\n<p><\/p>\n","protected":false},"excerpt":{"rendered":"<p>In Kooperation mit der KZ Gedenkst\u00e4tte Hailfingen\/Tailfingen und Jazzin\u00b4 Herrenberg kommt Daniel Kahn nach Herrenberg. Auch wenn Daniel Kahn schon viele Alben ver\u00f6ffentlicht hat, ob unter seinem eigenen Namen oder mit der Band \u201eThe Painted Bird\u201c,&nbsp;word beggar&nbsp;ist das erste Album, das er komplett alleine eingespielt hat.Musikalisch bewegt es sich zwischen Folk, Jazz und Klezmer. Es [&hellip;]<\/p>\n","protected":false},"author":1,"featured_media":1770,"comment_status":"open","ping_status":"open","sticky":false,"template":"","format":"standard","meta":[],"categories":[14,5],"tags":[],"_links":{"self":[{"href":"https:\/\/kz-gedenkstaette-hailfingen-tailfingen.de\/index.php\/wp-json\/wp\/v2\/posts\/1747"}],"collection":[{"href":"https:\/\/kz-gedenkstaette-hailfingen-tailfingen.de\/index.php\/wp-json\/wp\/v2\/posts"}],"about":[{"href":"https:\/\/kz-gedenkstaette-hailfingen-tailfingen.de\/index.php\/wp-json\/wp\/v2\/types\/post"}],"author":[{"embeddable":true,"href":"https:\/\/kz-gedenkstaette-hailfingen-tailfingen.de\/index.php\/wp-json\/wp\/v2\/users\/1"}],"replies":[{"embeddable":true,"href":"https:\/\/kz-gedenkstaette-hailfingen-tailfingen.de\/index.php\/wp-json\/wp\/v2\/comments?post=1747"}],"version-history":[{"count":5,"href":"https:\/\/kz-gedenkstaette-hailfingen-tailfingen.de\/index.php\/wp-json\/wp\/v2\/posts\/1747\/revisions"}],"predecessor-version":[{"id":1789,"href":"https:\/\/kz-gedenkstaette-hailfingen-tailfingen.de\/index.php\/wp-json\/wp\/v2\/posts\/1747\/revisions\/1789"}],"wp:featuredmedia":[{"embeddable":true,"href":"https:\/\/kz-gedenkstaette-hailfingen-tailfingen.de\/index.php\/wp-json\/wp\/v2\/media\/1770"}],"wp:attachment":[{"href":"https:\/\/kz-gedenkstaette-hailfingen-tailfingen.de\/index.php\/wp-json\/wp\/v2\/media?parent=1747"}],"wp:term":[{"taxonomy":"category","embeddable":true,"href":"https:\/\/kz-gedenkstaette-hailfingen-tailfingen.de\/index.php\/wp-json\/wp\/v2\/categories?post=1747"},{"taxonomy":"post_tag","embeddable":true,"href":"https:\/\/kz-gedenkstaette-hailfingen-tailfingen.de\/index.php\/wp-json\/wp\/v2\/tags?post=1747"}],"curies":[{"name":"wp","href":"https:\/\/api.w.org\/{rel}","templated":true}]}}