{"id":1723,"date":"2022-09-19T14:42:14","date_gmt":"2022-09-19T14:42:14","guid":{"rendered":"https:\/\/kz-gedenkstaette-hailfingen-tailfingen.de\/?p=1723"},"modified":"2022-10-26T09:23:52","modified_gmt":"2022-10-26T09:23:52","slug":"9-10-lesung-mit-klaus-beer","status":"publish","type":"post","link":"https:\/\/kz-gedenkstaette-hailfingen-tailfingen.de\/index.php\/2022\/09\/19\/9-10-lesung-mit-klaus-beer\/","title":{"rendered":"9.10. Lesung mit Klaus Beer"},"content":{"rendered":"\n<p>Nach langer Corona-Pause wird unsere Veranstaltungsreihe fortgesetzt: <\/p>\n\n\n\n<p><strong>Klaus Beer&nbsp;liest aus seinem Buch \u201e<em>An den Abgr\u00fcnden der Gesellschaft als Utopist, Zivilist und Jurist<\/em>\u201c<\/strong> \u2013  <\/p>\n\n\n\n<div class=\"wp-block-image\"><figure class=\"aligncenter size-large\"><img loading=\"lazy\" width=\"700\" height=\"460\" src=\"https:\/\/kz-gedenkstaette-hailfingen-tailfingen.de\/wp-content\/uploads\/2022\/10\/Klaus-Beer.jpg\" alt=\"\" class=\"wp-image-1730\" srcset=\"https:\/\/kz-gedenkstaette-hailfingen-tailfingen.de\/wp-content\/uploads\/2022\/10\/Klaus-Beer.jpg 700w, https:\/\/kz-gedenkstaette-hailfingen-tailfingen.de\/wp-content\/uploads\/2022\/10\/Klaus-Beer-300x197.jpg 300w\" sizes=\"(max-width: 700px) 100vw, 700px\" \/><figcaption><font color=\"black\">Klaus Beer \u2013 Foto: privat<\/font><\/figcaption><\/figure><\/div>\n\n\n\n<p>Klaus Beer wurde am 24. Juni 1932 in Hamburg geboren. Seine Familie wurde 1943 ausgebombt und zog nach Ulm. Dort war er nach seinem Jurastudium in M\u00fcnchen bis 1969 als Amtsrichter t\u00e4tig. 1970 zog die Familie nach Leonberg und Klaus Beer war in Stuttgart am Landgericht und am Oberlandesgericht t\u00e4tig. Auch im Beruf ging er gegen herrschende Strukturen vor. Er k\u00e4mpfte f\u00fcr die Unabh\u00e4ngigkeit der Justiz und Richter im Besonderen. Nach 32 Jahren Berufsleben sieht er es bis heute so: Ob Wirtschaft oder Regierungen \u2013 Richter m\u00fcssen es mit jedem aufnehmen k\u00f6nnen. Deshalb gr\u00fcndete er mit gleichgesinnten Berufskolleginnen und \u2013kollegen 1987 die \u201eNeue Richtervereinigung\u201c. Seine Wiedergutmachungs-Prozesse wegen NS-Verfolgung motivierten ihn im Jahr 2000, an der Gr\u00fcndung der Leonberger KZ-Gedenkst\u00e4tteninitiative mitzuwirken.<\/p>\n\n\n\n<p>Klaus Beer war immer auch als Buchautor aktiv. Er setzte seiner j\u00fcdischen Gro\u00dfmutter Elise Cohen und deren Familie ein Denkmal und bekam 2013 daf\u00fcr den Obermayer-Award. Zu seinem 90. Geburtstag erschien sein neues Buch: \u201eAn den Abgr\u00fcnden der Gesellschaft. Als Utopist, Zivilist und Jurist\u201c beim Verlag Klemm+Oelschl\u00e4ger. Beer erz\u00e4hlt darin aus vielen Phasen seines Lebens und macht sich Gedanken \u00fcber die Zukunft der Menschheit \u2013 die er mit 90 Jahren allerdings eher pessimistisch sieht.<\/p>\n\n\n\n<p><strong>Die Veranstaltung findet (ausnahmsweise) im evangelischen Gemeindehaus G\u00e4ufelden-Tailfingen (Hauptstra\u00dfe 31) statt!<\/strong><\/p>\n\n\n\n<p>Der Eintritt ist frei. <br>Sonntag, 9.10., 17 Uhr<br>Um 16 Uhr findet eine F\u00fchrung statt.<\/p>\n\n\n\n<div class=\"wp-block-file\"><a href=\"https:\/\/kz-gedenkstaette-hailfingen-tailfingen.de\/wp-content\/uploads\/2022\/10\/2022-Klaus-Beer.pdf\">Einladung als PDF<\/a><a href=\"https:\/\/kz-gedenkstaette-hailfingen-tailfingen.de\/wp-content\/uploads\/2022\/10\/2022-Klaus-Beer.pdf\" class=\"wp-block-file__button\" download>Herunterladen<\/a><\/div>\n\n\n\n<p><strong>Veranstaltungsreihe der KZ-Gedenkst\u00e4tte Hailfingen \u2022 Tailfingen mit Gegen Vergessen \u2013 F\u00fcr Demokratie e. V.<\/strong><\/p>\n\n\n\n<p>Einmal im Monat wird sonntags um 17 Uhr im Seminarraum im Rathaus G\u00e4ufelden-Tailfingen eine Veranstaltung angeboten. Davor gibt es jeweils um 16 Uhr eine F\u00fchrung.<\/p>\n\n\n\n<p>Veranstalter:<br>KZ Gedenkst\u00e4tte Hailfingen\/Tailfingen, Gegen Vergessen\/F\u00fcr Demokratie e.V. Sektion B\u00f6blingen-Herrenberg-T\u00fcbingen<\/p>\n","protected":false},"excerpt":{"rendered":"<p>Nach langer Corona-Pause wird unsere Veranstaltungsreihe fortgesetzt: Klaus Beer&nbsp;liest aus seinem Buch \u201eAn den Abgr\u00fcnden der Gesellschaft als Utopist, Zivilist und Jurist\u201c \u2013 Klaus Beer wurde am 24. Juni 1932 in Hamburg geboren. Seine Familie wurde 1943 ausgebombt und zog nach Ulm. Dort war er nach seinem Jurastudium in M\u00fcnchen bis 1969 als Amtsrichter t\u00e4tig. [&hellip;]<\/p>\n","protected":false},"author":1,"featured_media":1732,"comment_status":"open","ping_status":"open","sticky":false,"template":"","format":"standard","meta":[],"categories":[14,5],"tags":[],"_links":{"self":[{"href":"https:\/\/kz-gedenkstaette-hailfingen-tailfingen.de\/index.php\/wp-json\/wp\/v2\/posts\/1723"}],"collection":[{"href":"https:\/\/kz-gedenkstaette-hailfingen-tailfingen.de\/index.php\/wp-json\/wp\/v2\/posts"}],"about":[{"href":"https:\/\/kz-gedenkstaette-hailfingen-tailfingen.de\/index.php\/wp-json\/wp\/v2\/types\/post"}],"author":[{"embeddable":true,"href":"https:\/\/kz-gedenkstaette-hailfingen-tailfingen.de\/index.php\/wp-json\/wp\/v2\/users\/1"}],"replies":[{"embeddable":true,"href":"https:\/\/kz-gedenkstaette-hailfingen-tailfingen.de\/index.php\/wp-json\/wp\/v2\/comments?post=1723"}],"version-history":[{"count":8,"href":"https:\/\/kz-gedenkstaette-hailfingen-tailfingen.de\/index.php\/wp-json\/wp\/v2\/posts\/1723\/revisions"}],"predecessor-version":[{"id":1754,"href":"https:\/\/kz-gedenkstaette-hailfingen-tailfingen.de\/index.php\/wp-json\/wp\/v2\/posts\/1723\/revisions\/1754"}],"wp:featuredmedia":[{"embeddable":true,"href":"https:\/\/kz-gedenkstaette-hailfingen-tailfingen.de\/index.php\/wp-json\/wp\/v2\/media\/1732"}],"wp:attachment":[{"href":"https:\/\/kz-gedenkstaette-hailfingen-tailfingen.de\/index.php\/wp-json\/wp\/v2\/media?parent=1723"}],"wp:term":[{"taxonomy":"category","embeddable":true,"href":"https:\/\/kz-gedenkstaette-hailfingen-tailfingen.de\/index.php\/wp-json\/wp\/v2\/categories?post=1723"},{"taxonomy":"post_tag","embeddable":true,"href":"https:\/\/kz-gedenkstaette-hailfingen-tailfingen.de\/index.php\/wp-json\/wp\/v2\/tags?post=1723"}],"curies":[{"name":"wp","href":"https:\/\/api.w.org\/{rel}","templated":true}]}}