{"id":1564,"date":"2022-02-18T14:25:45","date_gmt":"2022-02-18T14:25:45","guid":{"rendered":"https:\/\/kz-gedenkstaette-hailfingen-tailfingen.de\/?p=1564"},"modified":"2022-06-21T17:59:54","modified_gmt":"2022-06-21T17:59:54","slug":"4-3-stolperstein-fuer-siegfried-fiskus-alias-serge-foder","status":"publish","type":"post","link":"https:\/\/kz-gedenkstaette-hailfingen-tailfingen.de\/index.php\/2022\/02\/18\/4-3-stolperstein-fuer-siegfried-fiskus-alias-serge-foder\/","title":{"rendered":"4.3. Stolperstein f\u00fcr Siegfried Fiskus alias Serge Foder"},"content":{"rendered":"\n<div class=\"wp-block-image\"><figure class=\"aligncenter size-large\"><img src=\"https:\/\/kz-gedenkstaette-hailfingen-tailfingen.de\/wp-content\/uploads\/2022\/02\/Fiskus-Foder-Ausschnitt-b.jpg\" alt=\"\" class=\"wp-image-1565\"\/><figcaption><font color=\"black\">Siegfried Fiskus alias Serge Foder<\/font><\/figcaption><\/figure><\/div>\n\n\n\n<p>Am 4. M\u00e4rz wird f\u00fcr den Stuttgarter Siegfried Fiskus, der mit dem Decknamen Serge Foder in Frankreich dem Zugriff der Nationalsozialisten entgehen wollte, ein Stolperstein vor der Weimarstr. 15 in Stuttgart-West verlegt. Er wurde im Juni 1944 in Mont\u00e9limar verhaftet, von Drancy nach Auschwitz deportiert und \u00fcber Stutthof nach Hailfingen gebracht. Dort starb er am 22.1.1945. Sein K\u00f6rper wurde am im Juni 1945 vom Hailfinger Massengrab auf den Tailfinger Friedhof umgebettet.<\/p>\n\n\n\n<p>Stolpersteinverlegung:<br>4.3.2022, 13:15 Uhr<br>Weimarstr. 15, 70176 Stuttgart<br><br>Ausf\u00fchrlichere Informationen \u00fcber Siegfried Fiskus finden Sie in diesem PDF:<\/p>\n\n\n\n<div class=\"wp-block-file\"><a href=\"https:\/\/kz-gedenkstaette-hailfingen-tailfingen.de\/wp-content\/uploads\/2022\/02\/220215_stolperstein-fiskus.pdf\">Stolperstein f\u00fcr Siegfried Fiskus<\/a><a href=\"https:\/\/kz-gedenkstaette-hailfingen-tailfingen.de\/wp-content\/uploads\/2022\/02\/220215_stolperstein-fiskus.pdf\" class=\"wp-block-file__button\" download>Herunterladen<\/a><\/div>\n\n\n\n<p><br><br><\/p>\n","protected":false},"excerpt":{"rendered":"<p>Am 4. M\u00e4rz wird f\u00fcr den Stuttgarter Siegfried Fiskus, der mit dem Decknamen Serge Foder in Frankreich dem Zugriff der Nationalsozialisten entgehen wollte, ein Stolperstein vor der Weimarstr. 15 in Stuttgart-West verlegt. Er wurde im Juni 1944 in Mont\u00e9limar verhaftet, von Drancy nach Auschwitz deportiert und \u00fcber Stutthof nach Hailfingen gebracht. Dort starb er am [&hellip;]<\/p>\n","protected":false},"author":1,"featured_media":1573,"comment_status":"open","ping_status":"open","sticky":false,"template":"","format":"standard","meta":[],"categories":[14,5],"tags":[],"_links":{"self":[{"href":"https:\/\/kz-gedenkstaette-hailfingen-tailfingen.de\/index.php\/wp-json\/wp\/v2\/posts\/1564"}],"collection":[{"href":"https:\/\/kz-gedenkstaette-hailfingen-tailfingen.de\/index.php\/wp-json\/wp\/v2\/posts"}],"about":[{"href":"https:\/\/kz-gedenkstaette-hailfingen-tailfingen.de\/index.php\/wp-json\/wp\/v2\/types\/post"}],"author":[{"embeddable":true,"href":"https:\/\/kz-gedenkstaette-hailfingen-tailfingen.de\/index.php\/wp-json\/wp\/v2\/users\/1"}],"replies":[{"embeddable":true,"href":"https:\/\/kz-gedenkstaette-hailfingen-tailfingen.de\/index.php\/wp-json\/wp\/v2\/comments?post=1564"}],"version-history":[{"count":7,"href":"https:\/\/kz-gedenkstaette-hailfingen-tailfingen.de\/index.php\/wp-json\/wp\/v2\/posts\/1564\/revisions"}],"predecessor-version":[{"id":1577,"href":"https:\/\/kz-gedenkstaette-hailfingen-tailfingen.de\/index.php\/wp-json\/wp\/v2\/posts\/1564\/revisions\/1577"}],"wp:featuredmedia":[{"embeddable":true,"href":"https:\/\/kz-gedenkstaette-hailfingen-tailfingen.de\/index.php\/wp-json\/wp\/v2\/media\/1573"}],"wp:attachment":[{"href":"https:\/\/kz-gedenkstaette-hailfingen-tailfingen.de\/index.php\/wp-json\/wp\/v2\/media?parent=1564"}],"wp:term":[{"taxonomy":"category","embeddable":true,"href":"https:\/\/kz-gedenkstaette-hailfingen-tailfingen.de\/index.php\/wp-json\/wp\/v2\/categories?post=1564"},{"taxonomy":"post_tag","embeddable":true,"href":"https:\/\/kz-gedenkstaette-hailfingen-tailfingen.de\/index.php\/wp-json\/wp\/v2\/tags?post=1564"}],"curies":[{"name":"wp","href":"https:\/\/api.w.org\/{rel}","templated":true}]}}