{"id":1534,"date":"2022-01-19T18:42:01","date_gmt":"2022-01-19T18:42:01","guid":{"rendered":"https:\/\/kz-gedenkstaette-hailfingen-tailfingen.de\/?p=1534"},"modified":"2022-06-21T18:00:16","modified_gmt":"2022-06-21T18:00:16","slug":"27-1-bischof-fuerst","status":"publish","type":"post","link":"https:\/\/kz-gedenkstaette-hailfingen-tailfingen.de\/index.php\/2022\/01\/19\/27-1-bischof-fuerst\/","title":{"rendered":"27.1. Besuch von Bischof Dr. Gebhard F\u00fcrst"},"content":{"rendered":"\n<p>Am Holocaust-Ged\u00e4chtnistag bekommt die KZ-Gedenkst\u00e4tte Hailfingen\/Tailfingen Besuch von Herrn Bischof Dr. Gebhard F\u00fcrst. <br><br>Veranstaltungsort: Mahnmal am ehemaligen Flughafen (im Freien) <\/p>\n\n\n\n<p>Ablauf: <br>Begr\u00fc\u00dfung durch Walter Kinkelin, Vorsitzender des Gedenkst\u00e4ttenvereins <br>Darstellung der Geschichte des Lagers anhand von Audio-Files von H\u00e4ftlingen <br>Gru\u00dfworte OB Stephan Neher, Rottenburg und<br>BM Benjamin Schmid, G\u00e4ufelden <br>Gedenken durch Herrn Bischof Dr. Gebhard F\u00fcrst <br>Gedenken durch Vertreter der Israelitischen Religionsgemeinschaft (Fredy Kahn) <br>Anschlie\u00dfend M\u00f6glichkeit zum Pressegespr\u00e4ch<\/p>\n\n\n\n<p>G\u00e4ste: <br>OB Neher, Rottenburg; BM Schmid, G\u00e4ufelden<br>Vertreter der Israelitischen Religionsgemeinschaft<br>Vertreter der Katholischen Kirchengemeinde Jettingen \u2013 G\u00e4ufelden \u2013 Bondorf<br>Vertreter der Katholische Kirchengemeinde St. Laurentius Hailfingen<br>Vertreter ev. Kirchengemeinden<br>Vertreter der KZ Gedenkst\u00e4tte<br>Presse, Funk, Fernsehen<\/p>\n\n\n\n<p>Die Veranstaltung findet unter den dann g\u00fcltigen Corona-Regeln statt.<br><br><strong>Donnerstag, 27. Januar 2022, 10 Uhr<\/strong><\/p>\n\n\n\n<div class=\"wp-block-image\"><figure class=\"aligncenter size-large\"><img loading=\"lazy\" width=\"800\" height=\"600\" src=\"https:\/\/kz-gedenkstaette-hailfingen-tailfingen.de\/wp-content\/uploads\/2022\/01\/21-01-24-Mahnmal-Winter-6-Bearbeitung-fuer-Bischof-Fuerst-Veranstaltung-Foto-B.-Schlanderer-kl-kontrast.jpg\" alt=\"\" class=\"wp-image-1541\" srcset=\"https:\/\/kz-gedenkstaette-hailfingen-tailfingen.de\/wp-content\/uploads\/2022\/01\/21-01-24-Mahnmal-Winter-6-Bearbeitung-fuer-Bischof-Fuerst-Veranstaltung-Foto-B.-Schlanderer-kl-kontrast.jpg 800w, https:\/\/kz-gedenkstaette-hailfingen-tailfingen.de\/wp-content\/uploads\/2022\/01\/21-01-24-Mahnmal-Winter-6-Bearbeitung-fuer-Bischof-Fuerst-Veranstaltung-Foto-B.-Schlanderer-kl-kontrast-300x225.jpg 300w, https:\/\/kz-gedenkstaette-hailfingen-tailfingen.de\/wp-content\/uploads\/2022\/01\/21-01-24-Mahnmal-Winter-6-Bearbeitung-fuer-Bischof-Fuerst-Veranstaltung-Foto-B.-Schlanderer-kl-kontrast-768x576.jpg 768w\" sizes=\"(max-width: 800px) 100vw, 800px\" \/><figcaption><font color=\"black\">Mahnmal der KZ-Gedenkst\u00e4tte Hailfingen\/Tailfingen \u2013 Foto: B. Schlanderer<\/font><\/figcaption><\/figure><\/div>\n","protected":false},"excerpt":{"rendered":"<p>Am Holocaust-Ged\u00e4chtnistag bekommt die KZ-Gedenkst\u00e4tte Hailfingen\/Tailfingen Besuch von Herrn Bischof Dr. Gebhard F\u00fcrst. Veranstaltungsort: Mahnmal am ehemaligen Flughafen (im Freien) Ablauf: Begr\u00fc\u00dfung durch Walter Kinkelin, Vorsitzender des Gedenkst\u00e4ttenvereins Darstellung der Geschichte des Lagers anhand von Audio-Files von H\u00e4ftlingen Gru\u00dfworte OB Stephan Neher, Rottenburg undBM Benjamin Schmid, G\u00e4ufelden Gedenken durch Herrn Bischof Dr. Gebhard F\u00fcrst Gedenken [&hellip;]<\/p>\n","protected":false},"author":1,"featured_media":1541,"comment_status":"open","ping_status":"open","sticky":false,"template":"","format":"standard","meta":[],"categories":[14,5],"tags":[],"_links":{"self":[{"href":"https:\/\/kz-gedenkstaette-hailfingen-tailfingen.de\/index.php\/wp-json\/wp\/v2\/posts\/1534"}],"collection":[{"href":"https:\/\/kz-gedenkstaette-hailfingen-tailfingen.de\/index.php\/wp-json\/wp\/v2\/posts"}],"about":[{"href":"https:\/\/kz-gedenkstaette-hailfingen-tailfingen.de\/index.php\/wp-json\/wp\/v2\/types\/post"}],"author":[{"embeddable":true,"href":"https:\/\/kz-gedenkstaette-hailfingen-tailfingen.de\/index.php\/wp-json\/wp\/v2\/users\/1"}],"replies":[{"embeddable":true,"href":"https:\/\/kz-gedenkstaette-hailfingen-tailfingen.de\/index.php\/wp-json\/wp\/v2\/comments?post=1534"}],"version-history":[{"count":7,"href":"https:\/\/kz-gedenkstaette-hailfingen-tailfingen.de\/index.php\/wp-json\/wp\/v2\/posts\/1534\/revisions"}],"predecessor-version":[{"id":1545,"href":"https:\/\/kz-gedenkstaette-hailfingen-tailfingen.de\/index.php\/wp-json\/wp\/v2\/posts\/1534\/revisions\/1545"}],"wp:featuredmedia":[{"embeddable":true,"href":"https:\/\/kz-gedenkstaette-hailfingen-tailfingen.de\/index.php\/wp-json\/wp\/v2\/media\/1541"}],"wp:attachment":[{"href":"https:\/\/kz-gedenkstaette-hailfingen-tailfingen.de\/index.php\/wp-json\/wp\/v2\/media?parent=1534"}],"wp:term":[{"taxonomy":"category","embeddable":true,"href":"https:\/\/kz-gedenkstaette-hailfingen-tailfingen.de\/index.php\/wp-json\/wp\/v2\/categories?post=1534"},{"taxonomy":"post_tag","embeddable":true,"href":"https:\/\/kz-gedenkstaette-hailfingen-tailfingen.de\/index.php\/wp-json\/wp\/v2\/tags?post=1534"}],"curies":[{"name":"wp","href":"https:\/\/api.w.org\/{rel}","templated":true}]}}