{"id":1327,"date":"2021-10-14T12:38:50","date_gmt":"2021-10-14T12:38:50","guid":{"rendered":"https:\/\/kz-gedenkstaette-hailfingen-tailfingen.de\/?p=1327"},"modified":"2022-06-21T18:01:34","modified_gmt":"2022-06-21T18:01:34","slug":"25-26-10-daniel-kahn-solo-konzert-und-workshop","status":"publish","type":"post","link":"https:\/\/kz-gedenkstaette-hailfingen-tailfingen.de\/index.php\/2021\/10\/14\/25-26-10-daniel-kahn-solo-konzert-und-workshop\/","title":{"rendered":"TERMINE ABGESAGT (25.\/26.11. Daniel Kahn solo \u2013 Konzert und Workshop)"},"content":{"rendered":"\n<p><font color=\"red\">Krankheitsbedingt musste Daniel Kahn kurzfristig absagen. Beide Veranstaltungen werden auf unbestimmte Zeit verschoben.<\/font> <br><br>Urspr\u00fcngliche Pressemitteilung: <br><br>Im Rahmen des Festivals <em>jazzin&#8216;<\/em> und in Kooperation mit der KZ-Gedenkst\u00e4tte Hailfingen\/Tailfingen spielt Daniel Kahn am 26.11.2021 sein Soloprogramm \u201eword beggar\u201c in der Alten Turnhalle Herrenberg. Am Tag vorher bietet der Musiker einen Workshop an unter dem Titel \u201eLieder gegen Rechts\u201c.<\/p>\n\n\n\n<div class=\"wp-block-image\"><figure class=\"aligncenter size-large\"><img loading=\"lazy\" width=\"1024\" height=\"598\" src=\"https:\/\/kz-gedenkstaette-hailfingen-tailfingen.de\/wp-content\/uploads\/2021\/10\/word-beggar-flavoredtune.jpg\" alt=\"\" class=\"wp-image-1328\" srcset=\"https:\/\/kz-gedenkstaette-hailfingen-tailfingen.de\/wp-content\/uploads\/2021\/10\/word-beggar-flavoredtune.jpg 1024w, https:\/\/kz-gedenkstaette-hailfingen-tailfingen.de\/wp-content\/uploads\/2021\/10\/word-beggar-flavoredtune-300x175.jpg 300w, https:\/\/kz-gedenkstaette-hailfingen-tailfingen.de\/wp-content\/uploads\/2021\/10\/word-beggar-flavoredtune-768x449.jpg 768w\" sizes=\"(max-width: 1024px) 100vw, 1024px\" \/><figcaption><font color=\"black\">Daniel Kahn<\/font><\/figcaption><\/figure><\/div>\n\n\n\n<p><br>Auch wenn Daniel Kahn schon viele Alben ver\u00f6ffentlicht hat \u2013 ob unter seinem eigenen Namen oder mit der Band The Painted Bird \u2013 wordbeggar ist das erste Album, das er komplett alleine eingespielt hat. Musikalisch bewegt es sich zwischen Folk, Jazz und Klezmer. Es besteht aus Adaptionen und Vertonungen von Liedern\/Texten von Georges Brassens, Kadye Molodovsky, Mordechai Gebirtig, Kurt Tucholsky, Beyle Schaechter-Gottesman und Aaron Zeitlin, die Kahn \u00fcber die Jahre entwickelt hat. Darunter sind auch seine jiddischen Versionen von Bob Dylan-Songs und Leonard Cohens \u201eHallelujah\u201c. Das Video zum St\u00fcck wurde schon mehr als zwei Millionen Mal gesehen. Auf dem Album wird das Lied minimal und d\u00fcster am Fl\u00fcgel gespielt.<\/p>\n\n\n\n<p>Freitag 26.11.2021, 19.30 Uhr<br>(Achtung: 26.11. ist richtig; in der \u00dcberschrift und im Einleitungstext stand vor\u00fcbergehend f\u00e4lschlicherweise Oktober.)<br>Alte Turnhalle<br>Seestra\u00dfe 31<br>71083 Herrenberg<br><br>Eintritt: VVK 12 \u20ac\/Abendkasse 14 \u20ac<br>VVK auf der <a href=\"http:\/\/www.jazzinherrenberg.de\">Homepage von Jazzin\u2018 Herrenberg e.V.<\/a><br>2G-Veranstaltung (siehe unten)<\/p>\n\n\n\n<p><strong>Workshop<\/strong><br>Am Do. 25.11. findet von 16 bis 20 Uhr im Jugendhaus Herrenberg ein Singer\/Songwriter Workshop \u201eLieder gegen Rechts\u201c mit Daniel Kahn statt.<br>Interessierte k\u00f6nnen sich per Email bei <a href=\"mailto:mhering@juha-herrenberg.de\">Martin Hering<\/a> anmelden.<br><br>Jugendhaus Herrenberg<br>Schie\u00dfmauer 20<br>71083 Herrenberg<br>Teilnahme kostenlos<\/p>\n\n\n\n<div class=\"wp-block-file\"><a href=\"https:\/\/kz-gedenkstaette-hailfingen-tailfingen.de\/wp-content\/uploads\/2021\/10\/Flugblatt_Kahn_2021_11_26-korr.pdf\">Pressemitteilung<\/a><a href=\"https:\/\/kz-gedenkstaette-hailfingen-tailfingen.de\/wp-content\/uploads\/2021\/10\/Flugblatt_Kahn_2021_11_26-korr.pdf\" class=\"wp-block-file__button\" download>Herunterladen<\/a><\/div>\n\n\n\n<div class=\"wp-block-file\"><a href=\"https:\/\/kz-gedenkstaette-hailfingen-tailfingen.de\/wp-content\/uploads\/2021\/10\/kahn-Seite1.pdf\">Jazzin&#8216;-Flyer<\/a><a href=\"https:\/\/kz-gedenkstaette-hailfingen-tailfingen.de\/wp-content\/uploads\/2021\/10\/kahn-Seite1.pdf\" class=\"wp-block-file__button\" download>Herunterladen<\/a><\/div>\n\n\n\n<p>Veranstalter und Unterst\u00fctzer:<br>jazzin Herrenberg<br>KZ-Gedenkst\u00e4tte Hailfingen\/Tailfingen<br>Gegen Vergessen \u2013 F\u00fcr Demokratie e.V. Sektion B\u00f6blingen-Herrenberg-T\u00fcbingen<br>Haslacher Gespr\u00e4chskreis<br>Herrenberg Bleibt Bunt.<br>Jazz-Verband Baden-W\u00fcrttemberg<br>Baden-W\u00fcrttemberg \u2013 Wir k\u00f6nnen alles. Au\u00dfer Hochdeutsch.<br>Rosa-Luxemburg-Stiftung Baden-W\u00fcrttemberg<br><br>Corona-Hinweis: In Baden-W\u00fcrttemberg gilt die Warnstufe seit dem 17.11.2021. F\u00fcr die Veranstaltung gilt deshalb 2G. Das bedeutet, sie steht nur vollst\u00e4ndig Geimpften oder Genesenen offen. Ausgenommen sind generell Kinder und Jugendliche bis zur Vollendung des 18. Lebensjahres, Schwangere sowie Personen, die sich aus medizinischen Gr\u00fcnden nicht impfen lassen k\u00f6nnen. F\u00fcr diese ist ein Antigen-Schnelltest ausreichend. Nicht-immunisierte Sch\u00fclerinnen und Sch\u00fcler erhalten stattdessen gegen Vorlage ihres Sch\u00fclerausweises beziehungsweise eines geeigneten Dokuments, aus dem sich die Sch\u00fclereigenschaft ergibt, Zugang. Als Impfnachweis akzeptiert werden nur digitale Zertifikate in Kombination mit dem Personalausweis.<\/p>\n","protected":false},"excerpt":{"rendered":"<p>Krankheitsbedingt musste Daniel Kahn kurzfristig absagen. Beide Veranstaltungen werden auf unbestimmte Zeit verschoben. Urspr\u00fcngliche Pressemitteilung: Im Rahmen des Festivals jazzin&#8216; und in Kooperation mit der KZ-Gedenkst\u00e4tte Hailfingen\/Tailfingen spielt Daniel Kahn am 26.11.2021 sein Soloprogramm \u201eword beggar\u201c in der Alten Turnhalle Herrenberg. Am Tag vorher bietet der Musiker einen Workshop an unter dem Titel \u201eLieder gegen [&hellip;]<\/p>\n","protected":false},"author":1,"featured_media":1451,"comment_status":"open","ping_status":"open","sticky":false,"template":"","format":"standard","meta":[],"categories":[14,6,5],"tags":[],"_links":{"self":[{"href":"https:\/\/kz-gedenkstaette-hailfingen-tailfingen.de\/index.php\/wp-json\/wp\/v2\/posts\/1327"}],"collection":[{"href":"https:\/\/kz-gedenkstaette-hailfingen-tailfingen.de\/index.php\/wp-json\/wp\/v2\/posts"}],"about":[{"href":"https:\/\/kz-gedenkstaette-hailfingen-tailfingen.de\/index.php\/wp-json\/wp\/v2\/types\/post"}],"author":[{"embeddable":true,"href":"https:\/\/kz-gedenkstaette-hailfingen-tailfingen.de\/index.php\/wp-json\/wp\/v2\/users\/1"}],"replies":[{"embeddable":true,"href":"https:\/\/kz-gedenkstaette-hailfingen-tailfingen.de\/index.php\/wp-json\/wp\/v2\/comments?post=1327"}],"version-history":[{"count":11,"href":"https:\/\/kz-gedenkstaette-hailfingen-tailfingen.de\/index.php\/wp-json\/wp\/v2\/posts\/1327\/revisions"}],"predecessor-version":[{"id":1450,"href":"https:\/\/kz-gedenkstaette-hailfingen-tailfingen.de\/index.php\/wp-json\/wp\/v2\/posts\/1327\/revisions\/1450"}],"wp:featuredmedia":[{"embeddable":true,"href":"https:\/\/kz-gedenkstaette-hailfingen-tailfingen.de\/index.php\/wp-json\/wp\/v2\/media\/1451"}],"wp:attachment":[{"href":"https:\/\/kz-gedenkstaette-hailfingen-tailfingen.de\/index.php\/wp-json\/wp\/v2\/media?parent=1327"}],"wp:term":[{"taxonomy":"category","embeddable":true,"href":"https:\/\/kz-gedenkstaette-hailfingen-tailfingen.de\/index.php\/wp-json\/wp\/v2\/categories?post=1327"},{"taxonomy":"post_tag","embeddable":true,"href":"https:\/\/kz-gedenkstaette-hailfingen-tailfingen.de\/index.php\/wp-json\/wp\/v2\/tags?post=1327"}],"curies":[{"name":"wp","href":"https:\/\/api.w.org\/{rel}","templated":true}]}}