{"id":1317,"date":"2021-10-13T14:39:13","date_gmt":"2021-10-13T14:39:13","guid":{"rendered":"https:\/\/kz-gedenkstaette-hailfingen-tailfingen.de\/?p=1317"},"modified":"2022-06-21T18:01:46","modified_gmt":"2022-06-21T18:01:46","slug":"22-10-als-jude-trotzdem-in-deutschland-geblieben-vortrag","status":"publish","type":"post","link":"https:\/\/kz-gedenkstaette-hailfingen-tailfingen.de\/index.php\/2021\/10\/13\/22-10-als-jude-trotzdem-in-deutschland-geblieben-vortrag\/","title":{"rendered":"22.10. \u201eAls Jude trotzdem in Deutschland geblieben\u201c \u2013 Vortrag"},"content":{"rendered":"\n<p>Im Rahmen des diesj\u00e4hrigen Jubil\u00e4ums 1700 Jahre j\u00fcdisches Leben in Deutschland h\u00e4lt Dr. Fredy Kahn einen Vortrag im evangelischen Gemeindehaus G\u00e4ufelden-\u00d6schelbronn mit musikalischer Umrahmung durch das Duo \u201eFrauengold\u201c.<br><\/p>\n\n\n\n<div class=\"wp-block-image\"><figure class=\"aligncenter size-large\"><img loading=\"lazy\" width=\"1024\" height=\"576\" src=\"https:\/\/kz-gedenkstaette-hailfingen-tailfingen.de\/wp-content\/uploads\/2021\/10\/Fredy-Kahn-2012-b-kl-1024x576.jpg\" alt=\"\" class=\"wp-image-1320\" srcset=\"https:\/\/kz-gedenkstaette-hailfingen-tailfingen.de\/wp-content\/uploads\/2021\/10\/Fredy-Kahn-2012-b-kl-1024x576.jpg 1024w, https:\/\/kz-gedenkstaette-hailfingen-tailfingen.de\/wp-content\/uploads\/2021\/10\/Fredy-Kahn-2012-b-kl-300x169.jpg 300w, https:\/\/kz-gedenkstaette-hailfingen-tailfingen.de\/wp-content\/uploads\/2021\/10\/Fredy-Kahn-2012-b-kl-768x432.jpg 768w, https:\/\/kz-gedenkstaette-hailfingen-tailfingen.de\/wp-content\/uploads\/2021\/10\/Fredy-Kahn-2012-b-kl.jpg 1280w\" sizes=\"(max-width: 1024px) 100vw, 1024px\" \/><figcaption><font color=\"black\">Fredy Kahn, 2012 \u2013 Foto: J. Kuhn<\/font><\/figcaption><\/figure><\/div>\n\n\n\n<p>Wirklich aus Baisingen weggekommen ist Fredy Kahn eigentlich nur w\u00e4hrend des Studiums in M\u00fcnchen und Mannheim sowie w\u00e4hrend seiner Facharzt-Ausbildung in Karlsruhe. Es habe schon etwas mit Trotz zu tun, \u201eStachel zu sein in der Geschichte.\u201c Zu zeigen, \u201edass es damals nicht gelungen ist, alle Juden in Deutschland zu vernichten.\u201c Zu zeigen, \u201edass doch auch wir eigentlich ganz normale Menschen mit ganz normalen Leben sind.\u201c<br>Fredy Kahns Eltern \u2013 sein Vater, der Baisinger Viehh\u00e4ndler Harry Kahn, und seine Mutter Jeanette, geborene Karschinierow sind beide Holocaust-\u00dcberlebende, die im KZ zueinander gefunden hatten, weil sie beide schw\u00e4bisch sprachen. Nach dem Krieg trafen sie sich beim Besuch der Stuttgarter Synagoge wieder und heirateten bald darauf. Warum Harry und Jeanette \u2013 und mit ihnen letztlich auch Fredy Kahn \u2013 blieben, das ist das Ambivalente an dieser Familiengeschichte. <br>Die Baisinger Juden kamen nach der Vertreibung der Juden aus Wien 1670 nach Baisingen, damals ein Zipfel von Vorder\u00f6sterreich. \u00dcber 200 Jahre konnte sich ihr Gemeinwesen in Baisingen positiv entwickeln. Zeitweise stellten sie ein Drittel der Baisinger B\u00fcrgerschaft. Familie Kahn und vor allem Harry Kahn entwickelten eine f\u00fcr Juden ungew\u00f6hnliche Heimatverbundenheit. <br>Nach seiner Befreiung 1945 aus dem KZ (Riga, Buchenwald, Theresienstadt) kehrte Harry Kahn \u2013 abgemagert auf 38 Kilo Gewicht \u2013 im Anschluss an einen Sanatoriums-Aufenthalt sofort in sein Heimatdorf zur\u00fcck, wo allerdings sein von den Nazis konfisziertes und zwangsversteigertes Elternhaus l\u00e4ngst von anderen bewohnt wurde. <br>Trotzdem gelang der Neuanfang. Eigentlich wollte die Familie immer auswandern, vielleicht nach Amerika, dem Sehnsuchtsort. Dass die Familie am Ende doch blieb, war vielleicht auch dem unerwartet gro\u00dfen Erfolg geschuldet, den der Viehhandel schnell erlebte. <br>Aber immer wenn Nachfahren von ehemaligen Baisinger Juden aus Israel oder den USA zu Besuch kamen, brach dieser Zwiespalt und die Erinnerungen bei den Eltern an die schlimme Zeit im KZ wieder durch. Und doch blieben sie. <br>Fredy Kahn ist von seinen Eltern dazu erzogen worden, nur nicht aufzufallen. Aber als er nach dem Studium nach Baisingen zur\u00fcckkam, habe er f\u00fcr sich gesagt: \u201eNur wenn du dein Judentum nicht verleugnest und es als normalen Teil deines Lebens annimmst, wirst du dauerhaft in Deutschland als Deutscher leben k\u00f6nnen.\u201c <br>Der Familienname Kahn verweist auf einen der \u00e4ltesten Namen der j\u00fcdischen Tradition. Die Kohanim, Plural von Kohen, geh\u00f6ren zum Stamm der Hohepriester. Sie \u00fcbten im Jerusalemer Tempel den Dienst am Altar aus. Neben Kahn verweisen Namen wie Cohn, Cohen, Kahane, Kagan oder Kogan auf diese Namensherkunft. <\/p>\n\n\n\n<p>Eine Veranstaltung der KZ-Gedenkst\u00e4tte Hailfingen\/Tailfingen, Gegen Vergessen \u2013 F\u00fcr Demokratie und der Evangelischen Kirchengemeinde \u00d6schelbronn. <\/p>\n\n\n\n<p>Eintritt frei.<\/p>\n\n\n\n<p>22.10.2021, 19 Uhr <br>Evangelisches Gemeindehaus G\u00e4ufelden-\u00d6schelbronn, Tailfinger Stra\u00dfe <br>Musikalische Umrahmung: Duo Frauengold (Herrenberg)<\/p>\n\n\n\n<div class=\"wp-block-file\"><a href=\"https:\/\/kz-gedenkstaette-hailfingen-tailfingen.de\/wp-content\/uploads\/2021\/10\/PM-Kahn-Okt-2021-korr-1.pdf\">Pressemitteilung als PDF zum Download<\/a><a href=\"https:\/\/kz-gedenkstaette-hailfingen-tailfingen.de\/wp-content\/uploads\/2021\/10\/PM-Kahn-Okt-2021-korr-1.pdf\" class=\"wp-block-file__button\" download>Herunterladen<\/a><\/div>\n","protected":false},"excerpt":{"rendered":"<p>Im Rahmen des diesj\u00e4hrigen Jubil\u00e4ums 1700 Jahre j\u00fcdisches Leben in Deutschland h\u00e4lt Dr. Fredy Kahn einen Vortrag im evangelischen Gemeindehaus G\u00e4ufelden-\u00d6schelbronn mit musikalischer Umrahmung durch das Duo \u201eFrauengold\u201c. Wirklich aus Baisingen weggekommen ist Fredy Kahn eigentlich nur w\u00e4hrend des Studiums in M\u00fcnchen und Mannheim sowie w\u00e4hrend seiner Facharzt-Ausbildung in Karlsruhe. Es habe schon etwas mit [&hellip;]<\/p>\n","protected":false},"author":1,"featured_media":1320,"comment_status":"open","ping_status":"open","sticky":false,"template":"","format":"standard","meta":[],"categories":[14,5],"tags":[],"_links":{"self":[{"href":"https:\/\/kz-gedenkstaette-hailfingen-tailfingen.de\/index.php\/wp-json\/wp\/v2\/posts\/1317"}],"collection":[{"href":"https:\/\/kz-gedenkstaette-hailfingen-tailfingen.de\/index.php\/wp-json\/wp\/v2\/posts"}],"about":[{"href":"https:\/\/kz-gedenkstaette-hailfingen-tailfingen.de\/index.php\/wp-json\/wp\/v2\/types\/post"}],"author":[{"embeddable":true,"href":"https:\/\/kz-gedenkstaette-hailfingen-tailfingen.de\/index.php\/wp-json\/wp\/v2\/users\/1"}],"replies":[{"embeddable":true,"href":"https:\/\/kz-gedenkstaette-hailfingen-tailfingen.de\/index.php\/wp-json\/wp\/v2\/comments?post=1317"}],"version-history":[{"count":6,"href":"https:\/\/kz-gedenkstaette-hailfingen-tailfingen.de\/index.php\/wp-json\/wp\/v2\/posts\/1317\/revisions"}],"predecessor-version":[{"id":1326,"href":"https:\/\/kz-gedenkstaette-hailfingen-tailfingen.de\/index.php\/wp-json\/wp\/v2\/posts\/1317\/revisions\/1326"}],"wp:featuredmedia":[{"embeddable":true,"href":"https:\/\/kz-gedenkstaette-hailfingen-tailfingen.de\/index.php\/wp-json\/wp\/v2\/media\/1320"}],"wp:attachment":[{"href":"https:\/\/kz-gedenkstaette-hailfingen-tailfingen.de\/index.php\/wp-json\/wp\/v2\/media?parent=1317"}],"wp:term":[{"taxonomy":"category","embeddable":true,"href":"https:\/\/kz-gedenkstaette-hailfingen-tailfingen.de\/index.php\/wp-json\/wp\/v2\/categories?post=1317"},{"taxonomy":"post_tag","embeddable":true,"href":"https:\/\/kz-gedenkstaette-hailfingen-tailfingen.de\/index.php\/wp-json\/wp\/v2\/tags?post=1317"}],"curies":[{"name":"wp","href":"https:\/\/api.w.org\/{rel}","templated":true}]}}