{"id":1299,"date":"2021-09-24T10:07:05","date_gmt":"2021-09-24T10:07:05","guid":{"rendered":"https:\/\/kz-gedenkstaette-hailfingen-tailfingen.de\/?p=1299"},"modified":"2022-06-21T18:02:01","modified_gmt":"2022-06-21T18:02:01","slug":"25-10-walter-kaufmann-welch-ein-leben","status":"publish","type":"post","link":"https:\/\/kz-gedenkstaette-hailfingen-tailfingen.de\/index.php\/2021\/09\/24\/25-10-walter-kaufmann-welch-ein-leben\/","title":{"rendered":"25.10. \u201eWalter Kaufmann \u2013 welch ein Leben!\u201c \u2013 Filmvorf\u00fchrung"},"content":{"rendered":"\n<p>In Anwesenheit der Regisseurin und in ehrendem Gedenken an Walter Kaufmann, der am 15.4.2021 im Alter von 97 Jahren in Berlin gestorben ist, wird im Rahmen der j\u00fcdisch-israelischen Filmwoche der Film \u201eWalter Kaufmann \u2013 welch ein Leben!\u201c von Karin Kaper und Dirk Szuszies im Kino Waldhorn in Rottenburg gezeigt.&nbsp;Es handelt sich um eine Sondervorf\u00fchrung des brandneuen Dokumentarfilms, der im August auf dem  J\u00fcdischen Filmfestival Berlin Brandenburg seine Premiere feierte.<\/p>\n\n\n\n<div class=\"wp-block-image\"><figure class=\"aligncenter size-large\"><img loading=\"lazy\" width=\"566\" height=\"800\" src=\"https:\/\/kz-gedenkstaette-hailfingen-tailfingen.de\/wp-content\/uploads\/2021\/09\/A3-Allemand-26-07-2020-jpg-A-Kaufmann.jpg\" alt=\"\" class=\"wp-image-1302\" srcset=\"https:\/\/kz-gedenkstaette-hailfingen-tailfingen.de\/wp-content\/uploads\/2021\/09\/A3-Allemand-26-07-2020-jpg-A-Kaufmann.jpg 566w, https:\/\/kz-gedenkstaette-hailfingen-tailfingen.de\/wp-content\/uploads\/2021\/09\/A3-Allemand-26-07-2020-jpg-A-Kaufmann-212x300.jpg 212w\" sizes=\"(max-width: 566px) 100vw, 566px\" \/><figcaption>Kinoplakat<\/figcaption><\/figure><\/div>\n\n\n\n<p><strong>Schillernder als jedes Drehbuch ist das Leben von Walter Kaufmann<\/strong><\/p>\n\n\n\n<p>Im Leben des am 15.4.2021 im Alter von 97 Jahren in Berlin gestorbenen Walter Kaufmann spiegeln sich auf au\u00dfergew\u00f6hnlichste Weise weltweit bedeutende Ereignisse, Katastrophen, Ersch\u00fctterungen des letzten Jahrhunderts, die bis in unsere Gegenwart wirken.<br><br>Walter Kaufmann blieb bis zu seinem Tod unerm\u00fcdlich k\u00e4mpferisch. Er setzt mit seinem Leben ein nachwirkendes Zeichen gegen jede Form von Rechtsruck und Antisemitismus, die wieder bedrohliche Ausma\u00dfe in unserem Land angenommen haben. Der Film ist ein Appell an uns Lebende, die elementaren Menschenrechte und demokratischen Errungenschaften entschlossen zu verteidigen. <\/p>\n\n\n\n<p>Der Film folgt den wesentlichen Lebenslinien und weltweiten Erfahrungen des Protagonisten. Walter Kaufmann erlebte als Jude pers\u00f6nlich die katastrophalen Folgen des Nationalsozialismus. Als Schriftsteller und Korrespondent nahm er regen Anteil an der B\u00fcrgerrechtsbewegung in den USA, am Prozess gegen Angela Davis, an der Revolution in Kuba, den Auswirkungen der Atombombenabw\u00fcrfe in Japan, der unendlichen Geschichte des israelisch-pal\u00e4stinensischen Konfliktes, der Entwicklung und dem Zusammenbruch der DDR. Der Film bietet j\u00fcngeren und \u00e4lteren Zuschauern eine letzte Gelegenheit, die Welt aus der Perspektive dieses einzigartigen Zeitzeugen vermittelt zu bekommen.<br><br>1924 kommt er als Sohn namens Jizchak der armen, jungen polnischen J\u00fcdin Rachel Schmeidler in Berlin zur Welt. 3 Jahre sp\u00e4ter adoptiert ihn ein wohlhabendes Duisburger Ehepaar. Im Gegensatz zu seinen Adoptiveltern Johanna und Sally Kaufmann konnte Walter Kaufmann der Vernichtung durch die Nazis entkommen, rettete sich als Jugendlicher mit einem Kindertransport nach England. Wurde dort interniert und mit dem ber\u00fcchtigten Schiff \u201eDunera\u201c von den Engl\u00e4ndern nach Australien verfrachtet, wo er noch fast zwei Jahre in einem Internierungslager verbringen musste.<br><br>Er wurde australischer Soldat, Hochzeitsfotograf, Seemann und sp\u00e4ter preisgekr\u00f6nter Schriftsteller. Bewusst entschied er sich Mitte der 50er-Jahre f\u00fcr ein Leben in der DDR. Er behielt seinen australischen Pass, durfte als Journalist und Schriftsteller ausreisen und verarbeitete diese Erfahrungen in zahlreichen Reportagen und B\u00fcchern, die in der DDR in extrem hohen Auflagen erschienen. Von 1985 bis 1993 stand er als Generalsekret\u00e4r dem PEN-Zentrum vor. Hochrangige Auszeichnungen wie der Fontane-Preis, der Heinrich-Mann-Preis sowie der Literaturpreis Ruhr wurden ihm zugesprochen.<br><br>Ein wichtiges im Film wiederkehrendes dramaturgisches Element ist die Umsetzung des Briefwechsels von Sally und Johanna Kaufmann mit ihrem Adoptivsohn Walter. Dieser erhaltene bewegende Austausch beginnt mit dem Kindertransport von Walter Kaufmann nach England und endet an dem Tag der Deportation der Eltern nach Theresienstadt.<\/p>\n\n\n\n<p>FSK: ab 12 Jahre \/ L\u00e4nge: 101 Minuten<\/p>\n\n\n\n<p><strong>Montag 25.10.21, 20 Uhr, Kino Waldhorn, Rottenburg am Neckar<br>Zus\u00e4tzliche Schulvorf\u00fchrungen am 25.\/26.10. im Kino mit Regisseurin<\/strong><br><br>Siehe auch Filmvorf\u00fchrung <a href=\"https:\/\/kz-gedenkstaette-hailfingen-tailfingen.de\/index.php\/2021\/09\/23\/24-10-wir-sind-die-juden-aus-breslau\/\">Wir sind die Juden aus Breslau<\/a> am 24.10.2021.<\/p>\n\n\n\n<div class=\"wp-block-file\"><a href=\"https:\/\/kz-gedenkstaette-hailfingen-tailfingen.de\/wp-content\/uploads\/2021\/09\/Rottenburg-Ankuendigung1-Walter-Kaufmann.pdf\">Weitere Informationen in unserer Pressemitteilung<\/a><a href=\"https:\/\/kz-gedenkstaette-hailfingen-tailfingen.de\/wp-content\/uploads\/2021\/09\/Rottenburg-Ankuendigung1-Walter-Kaufmann.pdf\" class=\"wp-block-file__button\" download>Herunterladen<\/a><\/div>\n\n\n\n<div class=\"wp-block-file\"><a href=\"https:\/\/kz-gedenkstaette-hailfingen-tailfingen.de\/wp-content\/uploads\/2021\/09\/2021-10-Kinoplakate-1.pdf\">PDF mit Kinoplakaten und Basisinfos zu beiden von uns veranstalteten Vorf\u00fchrungen<\/a><a href=\"https:\/\/kz-gedenkstaette-hailfingen-tailfingen.de\/wp-content\/uploads\/2021\/09\/2021-10-Kinoplakate-1.pdf\" class=\"wp-block-file__button\" download>Herunterladen<\/a><\/div>\n\n\n\n<p>Veranstalter:<br>KZ-Gedenkst\u00e4tte Hailfingen\/Tailfingen e.V.<br>Dr. Christine Lehmann<br>Verband deutscher Schriftsteller*innen in Ver.di \u2013 Baden-W\u00fcrttemberg,<br>Gegen Vergessen \u2013 F\u00fcr Demokratie e.V.\/LAG Baden-W\u00fcrttemberg<br>Landeszentrale f\u00fcr politische Bildung Baden-W\u00fcrttemberg<\/p>\n\n\n\n<figure class=\"wp-block-image size-large\"><img loading=\"lazy\" width=\"440\" height=\"205\" src=\"https:\/\/kz-gedenkstaette-hailfingen-tailfingen.de\/wp-content\/uploads\/2021\/09\/Juedische-Filmwoche-2-1-klein.jpg\" alt=\"\" class=\"wp-image-1309\" srcset=\"https:\/\/kz-gedenkstaette-hailfingen-tailfingen.de\/wp-content\/uploads\/2021\/09\/Juedische-Filmwoche-2-1-klein.jpg 440w, https:\/\/kz-gedenkstaette-hailfingen-tailfingen.de\/wp-content\/uploads\/2021\/09\/Juedische-Filmwoche-2-1-klein-300x140.jpg 300w\" sizes=\"(max-width: 440px) 100vw, 440px\" \/><\/figure>\n\n\n\n<div class=\"wp-block-file\"><a href=\"https:\/\/kz-gedenkstaette-hailfingen-tailfingen.de\/wp-content\/uploads\/2021\/09\/Juedische-Filmwoche-2.pdf\">Komplettes Programmheft f\u00fcr die j\u00fcdisch-israelischen Filmwochen<\/a><a href=\"https:\/\/kz-gedenkstaette-hailfingen-tailfingen.de\/wp-content\/uploads\/2021\/09\/Juedische-Filmwoche-2.pdf\" class=\"wp-block-file__button\" download>Herunterladen<\/a><\/div>\n","protected":false},"excerpt":{"rendered":"<p>In Anwesenheit der Regisseurin und in ehrendem Gedenken an Walter Kaufmann, der am 15.4.2021 im Alter von 97 Jahren in Berlin gestorben ist, wird im Rahmen der j\u00fcdisch-israelischen Filmwoche der Film \u201eWalter Kaufmann \u2013 welch ein Leben!\u201c von Karin Kaper und Dirk Szuszies im Kino Waldhorn in Rottenburg gezeigt.&nbsp;Es handelt sich um eine Sondervorf\u00fchrung des [&hellip;]<\/p>\n","protected":false},"author":1,"featured_media":1302,"comment_status":"open","ping_status":"open","sticky":false,"template":"","format":"standard","meta":[],"categories":[14,9,5],"tags":[],"_links":{"self":[{"href":"https:\/\/kz-gedenkstaette-hailfingen-tailfingen.de\/index.php\/wp-json\/wp\/v2\/posts\/1299"}],"collection":[{"href":"https:\/\/kz-gedenkstaette-hailfingen-tailfingen.de\/index.php\/wp-json\/wp\/v2\/posts"}],"about":[{"href":"https:\/\/kz-gedenkstaette-hailfingen-tailfingen.de\/index.php\/wp-json\/wp\/v2\/types\/post"}],"author":[{"embeddable":true,"href":"https:\/\/kz-gedenkstaette-hailfingen-tailfingen.de\/index.php\/wp-json\/wp\/v2\/users\/1"}],"replies":[{"embeddable":true,"href":"https:\/\/kz-gedenkstaette-hailfingen-tailfingen.de\/index.php\/wp-json\/wp\/v2\/comments?post=1299"}],"version-history":[{"count":6,"href":"https:\/\/kz-gedenkstaette-hailfingen-tailfingen.de\/index.php\/wp-json\/wp\/v2\/posts\/1299\/revisions"}],"predecessor-version":[{"id":1346,"href":"https:\/\/kz-gedenkstaette-hailfingen-tailfingen.de\/index.php\/wp-json\/wp\/v2\/posts\/1299\/revisions\/1346"}],"wp:featuredmedia":[{"embeddable":true,"href":"https:\/\/kz-gedenkstaette-hailfingen-tailfingen.de\/index.php\/wp-json\/wp\/v2\/media\/1302"}],"wp:attachment":[{"href":"https:\/\/kz-gedenkstaette-hailfingen-tailfingen.de\/index.php\/wp-json\/wp\/v2\/media?parent=1299"}],"wp:term":[{"taxonomy":"category","embeddable":true,"href":"https:\/\/kz-gedenkstaette-hailfingen-tailfingen.de\/index.php\/wp-json\/wp\/v2\/categories?post=1299"},{"taxonomy":"post_tag","embeddable":true,"href":"https:\/\/kz-gedenkstaette-hailfingen-tailfingen.de\/index.php\/wp-json\/wp\/v2\/tags?post=1299"}],"curies":[{"name":"wp","href":"https:\/\/api.w.org\/{rel}","templated":true}]}}