{"id":1280,"date":"2021-09-13T12:47:36","date_gmt":"2021-09-13T12:47:36","guid":{"rendered":"https:\/\/kz-gedenkstaette-hailfingen-tailfingen.de\/?p=1280"},"modified":"2022-06-21T18:02:28","modified_gmt":"2022-06-21T18:02:28","slug":"mitschnitt-heidrun-kaemper-ueber-demokratiefeindlichen-sprachgebrauch","status":"publish","type":"post","link":"https:\/\/kz-gedenkstaette-hailfingen-tailfingen.de\/index.php\/2021\/09\/13\/mitschnitt-heidrun-kaemper-ueber-demokratiefeindlichen-sprachgebrauch\/","title":{"rendered":"Heidrun K\u00e4mpers Zoom-Vortrag online"},"content":{"rendered":"\n<p>Prof. Dr. Heidrun Deborah K\u00e4mper hat am 7.7.2021 f\u00fcr uns \u00fcber das Thema \u201eDemokratiefeindlicher und menschenverachtender Sprachgebrauch\u201c referiert, pandemiebedingt \u00fcber die Onlineplattform Zoom. Vorangegangen war die Ver\u00f6ffentlichung des von Harald Roth herausgegebenen Sammelbands \u201eNie wegsehen!\u201c (Dietz-Verlag, 2020), zu dem K\u00e4mper ein Kapitel beigesteuert hatte. Anlass, ihre Sprachanalyse zum Thema zu machen, war au\u00dferdem die bevorstehende Bundestagswahl.<\/p>\n\n\n\n<div class=\"wp-block-image\"><figure class=\"aligncenter size-large\"><a href=\"https:\/\/youtu.be\/46FLj1ayY9w\"><img loading=\"lazy\" width=\"800\" height=\"450\" src=\"https:\/\/kz-gedenkstaette-hailfingen-tailfingen.de\/wp-content\/uploads\/2021\/09\/Kaemper-Thumbnail-noch-kleiner-play.jpg\" alt=\"\" class=\"wp-image-1281\" srcset=\"https:\/\/kz-gedenkstaette-hailfingen-tailfingen.de\/wp-content\/uploads\/2021\/09\/Kaemper-Thumbnail-noch-kleiner-play.jpg 800w, https:\/\/kz-gedenkstaette-hailfingen-tailfingen.de\/wp-content\/uploads\/2021\/09\/Kaemper-Thumbnail-noch-kleiner-play-300x169.jpg 300w, https:\/\/kz-gedenkstaette-hailfingen-tailfingen.de\/wp-content\/uploads\/2021\/09\/Kaemper-Thumbnail-noch-kleiner-play-768x432.jpg 768w\" sizes=\"(max-width: 800px) 100vw, 800px\" \/><\/a><\/figure><\/div>\n\n\n\n<p>Einen Mitschnitt dieser gemeinsamen Veranstaltung des Gedenkst\u00e4ttenverbunds G\u00e4u-Neckar-Alb und der KZ-Gedenkst\u00e4tte Hailfingen\/Tailfingen bieten wir nun auf unserem Youtube-Kanal als Stream an: <a href=\"https:\/\/youtu.be\/46FLj1ayY9w\">https:\/\/youtu.be\/46FLj1ayY9w<\/a><br>Die Produktion des Videos wurde durch die Geschichtswerkstatt T\u00fcbingen unterst\u00fctzt.<\/p>\n\n\n\n<p>Weitere Informationen zum Thema sowie zur Referentin finden Sie in der <a href=\"https:\/\/kz-gedenkstaette-hailfingen-tailfingen.de\/index.php\/2021\/06\/17\/7-7-demokratiefeindlicher-und-menschenverachtender-sprachgebrauch-onlinevortrag\/\">Veranstaltungsank\u00fcndigung<\/a>.<\/p>\n","protected":false},"excerpt":{"rendered":"<p>Prof. Dr. Heidrun Deborah K\u00e4mper hat am 7.7.2021 f\u00fcr uns \u00fcber das Thema \u201eDemokratiefeindlicher und menschenverachtender Sprachgebrauch\u201c referiert, pandemiebedingt \u00fcber die Onlineplattform Zoom. Vorangegangen war die Ver\u00f6ffentlichung des von Harald Roth herausgegebenen Sammelbands \u201eNie wegsehen!\u201c (Dietz-Verlag, 2020), zu dem K\u00e4mper ein Kapitel beigesteuert hatte. Anlass, ihre Sprachanalyse zum Thema zu machen, war au\u00dferdem die bevorstehende [&hellip;]<\/p>\n","protected":false},"author":1,"featured_media":1281,"comment_status":"open","ping_status":"open","sticky":false,"template":"","format":"standard","meta":[],"categories":[14,11,5],"tags":[],"_links":{"self":[{"href":"https:\/\/kz-gedenkstaette-hailfingen-tailfingen.de\/index.php\/wp-json\/wp\/v2\/posts\/1280"}],"collection":[{"href":"https:\/\/kz-gedenkstaette-hailfingen-tailfingen.de\/index.php\/wp-json\/wp\/v2\/posts"}],"about":[{"href":"https:\/\/kz-gedenkstaette-hailfingen-tailfingen.de\/index.php\/wp-json\/wp\/v2\/types\/post"}],"author":[{"embeddable":true,"href":"https:\/\/kz-gedenkstaette-hailfingen-tailfingen.de\/index.php\/wp-json\/wp\/v2\/users\/1"}],"replies":[{"embeddable":true,"href":"https:\/\/kz-gedenkstaette-hailfingen-tailfingen.de\/index.php\/wp-json\/wp\/v2\/comments?post=1280"}],"version-history":[{"count":6,"href":"https:\/\/kz-gedenkstaette-hailfingen-tailfingen.de\/index.php\/wp-json\/wp\/v2\/posts\/1280\/revisions"}],"predecessor-version":[{"id":1289,"href":"https:\/\/kz-gedenkstaette-hailfingen-tailfingen.de\/index.php\/wp-json\/wp\/v2\/posts\/1280\/revisions\/1289"}],"wp:featuredmedia":[{"embeddable":true,"href":"https:\/\/kz-gedenkstaette-hailfingen-tailfingen.de\/index.php\/wp-json\/wp\/v2\/media\/1281"}],"wp:attachment":[{"href":"https:\/\/kz-gedenkstaette-hailfingen-tailfingen.de\/index.php\/wp-json\/wp\/v2\/media?parent=1280"}],"wp:term":[{"taxonomy":"category","embeddable":true,"href":"https:\/\/kz-gedenkstaette-hailfingen-tailfingen.de\/index.php\/wp-json\/wp\/v2\/categories?post=1280"},{"taxonomy":"post_tag","embeddable":true,"href":"https:\/\/kz-gedenkstaette-hailfingen-tailfingen.de\/index.php\/wp-json\/wp\/v2\/tags?post=1280"}],"curies":[{"name":"wp","href":"https:\/\/api.w.org\/{rel}","templated":true}]}}