{"id":1084,"date":"2021-03-26T15:09:56","date_gmt":"2021-03-26T15:09:56","guid":{"rendered":"https:\/\/kz-gedenkstaette-hailfingen-tailfingen.de\/?p=1084"},"modified":"2022-06-21T18:06:14","modified_gmt":"2022-06-21T18:06:14","slug":"26-3-vortrag-zwangsarbeiter-aus-athen-kriegsgefangene-und-kz-haeftlinge","status":"publish","type":"post","link":"https:\/\/kz-gedenkstaette-hailfingen-tailfingen.de\/index.php\/2021\/03\/26\/26-3-vortrag-zwangsarbeiter-aus-athen-kriegsgefangene-und-kz-haeftlinge\/","title":{"rendered":"26.3. Online-Vortrag \u201eZwangsarbeiter aus Athen, Kriegsgefangene und KZ-H\u00e4ftlinge\u201c"},"content":{"rendered":"\n<figure class=\"wp-block-image size-large\"><img loading=\"lazy\" width=\"600\" height=\"600\" src=\"https:\/\/kz-gedenkstaette-hailfingen-tailfingen.de\/wp-content\/uploads\/2021\/03\/Rottenburger-Wochen-gegen-Rassismus-600px.jpg\" alt=\"\" class=\"wp-image-1087\" srcset=\"https:\/\/kz-gedenkstaette-hailfingen-tailfingen.de\/wp-content\/uploads\/2021\/03\/Rottenburger-Wochen-gegen-Rassismus-600px.jpg 600w, https:\/\/kz-gedenkstaette-hailfingen-tailfingen.de\/wp-content\/uploads\/2021\/03\/Rottenburger-Wochen-gegen-Rassismus-600px-300x300.jpg 300w, https:\/\/kz-gedenkstaette-hailfingen-tailfingen.de\/wp-content\/uploads\/2021\/03\/Rottenburger-Wochen-gegen-Rassismus-600px-150x150.jpg 150w\" sizes=\"(max-width: 600px) 100vw, 600px\" \/><\/figure>\n\n\n\n<p>Im Rahmen der Internationalen Wochen gegen Rassismus veranstaltet die KZ-Gedenkst\u00e4tte Hailfingen\/Tailfingen in Kooperation mit der Stadtverwaltung Rottenburg am Freitag, den 26. M\u00e4rz um 18 Uhr einen digitalen Vortrag zu Zwangsarbeiter*innen, Kriegsgefangenen und KZ-H\u00e4ftlingen in Hailfingen\/Tailfingen. Andreas Kroll, Vorstandsmitglied der KZ-Gedenkst\u00e4tte Hailfingen\/Tailfingen, gibt einen \u00dcberblick \u00fcber die Verfolgung, Entrechtung, Enteignung, Deportation, Ermordung, Vertreibung und Gefangennahme der KZ-H\u00e4ftlinge. Die aus Athen nach Hailfingen\/Tailfingen deportierten 382 griechischen Zwangsarbeiter, ihr Leben im Lager und ihr Schicksal stehen dabei besonders im Fokus. <\/p>\n\n\n\n<p>Vortrag: 26.3., 18:00 Uhr auf Webex<br>Eintritt: frei<br><br>Link zum Vortrag: <br><a rel=\"noreferrer noopener\" href=\"https:\/\/rottenburg.webex.com\/rottenburg\/j.php?MTID=mfc3d9e70750201df81de280283ff39bd\" target=\"_blank\">https:\/\/rottenburg.webex.com\/rottenburg\/j.phpMTID=mfc3d9e70750201df81de280283ff39bd<\/a><\/p>\n\n\n\n<p>Der Vortrag ist im Rahmen der Rottenburger Anti-Rassismus-Tage und in Kooperation mit Frau Kougioumtzidou, der st\u00e4dt. Integrationsbeauftragten. Frau Kougioumtzidou wird ins Griechische simultan \u00fcbersetzen.<\/p>\n\n\n\n<div class=\"wp-block-file\"><a href=\"https:\/\/kz-gedenkstaette-hailfingen-tailfingen.de\/wp-content\/uploads\/2021\/03\/Internationale_Wochen_gg_Rassismus_Flyer.pdf\">Internationale Wochen gegen Rassismus (Flyer)<\/a><a href=\"https:\/\/kz-gedenkstaette-hailfingen-tailfingen.de\/wp-content\/uploads\/2021\/03\/Internationale_Wochen_gg_Rassismus_Flyer.pdf\" class=\"wp-block-file__button\" download>Herunterladen<\/a><\/div>\n\n\n\n<p><br><\/p>\n","protected":false},"excerpt":{"rendered":"<p>Im Rahmen der Internationalen Wochen gegen Rassismus veranstaltet die KZ-Gedenkst\u00e4tte Hailfingen\/Tailfingen in Kooperation mit der Stadtverwaltung Rottenburg am Freitag, den 26. M\u00e4rz um 18 Uhr einen digitalen Vortrag zu Zwangsarbeiter*innen, Kriegsgefangenen und KZ-H\u00e4ftlingen in Hailfingen\/Tailfingen. Andreas Kroll, Vorstandsmitglied der KZ-Gedenkst\u00e4tte Hailfingen\/Tailfingen, gibt einen \u00dcberblick \u00fcber die Verfolgung, Entrechtung, Enteignung, Deportation, Ermordung, Vertreibung und Gefangennahme der [&hellip;]<\/p>\n","protected":false},"author":1,"featured_media":1086,"comment_status":"open","ping_status":"open","sticky":false,"template":"","format":"standard","meta":[],"categories":[14,5],"tags":[],"_links":{"self":[{"href":"https:\/\/kz-gedenkstaette-hailfingen-tailfingen.de\/index.php\/wp-json\/wp\/v2\/posts\/1084"}],"collection":[{"href":"https:\/\/kz-gedenkstaette-hailfingen-tailfingen.de\/index.php\/wp-json\/wp\/v2\/posts"}],"about":[{"href":"https:\/\/kz-gedenkstaette-hailfingen-tailfingen.de\/index.php\/wp-json\/wp\/v2\/types\/post"}],"author":[{"embeddable":true,"href":"https:\/\/kz-gedenkstaette-hailfingen-tailfingen.de\/index.php\/wp-json\/wp\/v2\/users\/1"}],"replies":[{"embeddable":true,"href":"https:\/\/kz-gedenkstaette-hailfingen-tailfingen.de\/index.php\/wp-json\/wp\/v2\/comments?post=1084"}],"version-history":[{"count":3,"href":"https:\/\/kz-gedenkstaette-hailfingen-tailfingen.de\/index.php\/wp-json\/wp\/v2\/posts\/1084\/revisions"}],"predecessor-version":[{"id":1090,"href":"https:\/\/kz-gedenkstaette-hailfingen-tailfingen.de\/index.php\/wp-json\/wp\/v2\/posts\/1084\/revisions\/1090"}],"wp:featuredmedia":[{"embeddable":true,"href":"https:\/\/kz-gedenkstaette-hailfingen-tailfingen.de\/index.php\/wp-json\/wp\/v2\/media\/1086"}],"wp:attachment":[{"href":"https:\/\/kz-gedenkstaette-hailfingen-tailfingen.de\/index.php\/wp-json\/wp\/v2\/media?parent=1084"}],"wp:term":[{"taxonomy":"category","embeddable":true,"href":"https:\/\/kz-gedenkstaette-hailfingen-tailfingen.de\/index.php\/wp-json\/wp\/v2\/categories?post=1084"},{"taxonomy":"post_tag","embeddable":true,"href":"https:\/\/kz-gedenkstaette-hailfingen-tailfingen.de\/index.php\/wp-json\/wp\/v2\/tags?post=1084"}],"curies":[{"name":"wp","href":"https:\/\/api.w.org\/{rel}","templated":true}]}}